{"id":1107,"date":"2020-12-08T07:57:36","date_gmt":"2020-12-08T07:57:36","guid":{"rendered":"https:\/\/tvgiurgiu.ro\/?p=1107"},"modified":"2020-12-08T07:59:10","modified_gmt":"2020-12-08T07:59:10","slug":"scoala-online-se-prelungeste-pana-la-vacanta-de-iarna","status":"publish","type":"post","link":"https:\/\/tvgiurgiu.ro\/index.php\/2020\/12\/08\/scoala-online-se-prelungeste-pana-la-vacanta-de-iarna\/","title":{"rendered":"\u0218coala online se prelunge\u0219te p\u00e2n\u0103 la vacan\u021ba de iarn\u0103"},"content":{"rendered":"<p data-index=\"2\">\u00a0 \u00a0 \u00a0 \u00a0 \u00a0 \u00a0 \u00a0 Decizia a fost luat\u0103 la solicitarea Ministerului Educa\u021biei, adresat\u0103 CNSU luni, 7 decembrie 2020, \u0219i este motivat\u0103 de situa\u021bia epidemiologic\u0103, ce continu\u0103 s\u0103 pun\u0103 presiune pe sistemul medical.<\/p>\n<p data-index=\"3\">\u201eAv\u00e2nd \u00een vedere evolu\u0163ia situa\u0163iei epidemiologice la nivelul Rom\u00e2niei p\u00e2n\u0103 la data de 7 decembrie 2020, (&#8230;), lu\u00e2nd \u00een considerare cre\u015fterea num\u0103rului de persoane infectate la nivel na\u0163ional, precum \u015fi cre\u015fterea zilnic\u0103 a num\u0103rului de cazuri noi confirmate, implementarea deficitar\u0103 a m\u0103surilor de prevenire, interac\u0163iunea intens\u0103 \u015fi mobilitatea persoanelor, aspecte care genereaz\u0103 o persiune constant\u0103 asupra capacit\u0103\u0163ii de gestionare a unit\u0103\u0163ilor administrativ-teritoriale \u015fi a sistemului sanitar (&#8230;) se aprob\u0103 prelungirea suspend\u0103rii activit\u0103\u0163iilor care impun prezen\u0163a fizic\u0103 a pre\u015fcolarilor \u015fi elevilor \u00een unit\u0103\u0163ile de \u00eenv\u0103\u0163\u0103m\u00e2nt \u015fi continuarea activit\u0103\u0163ilor didactice \u00een sistem online, pentru perioada 9-23 decembrie 2020\u201d, se arat\u0103 \u00een textul hot\u0103r\u00e2rii CNSU.<\/p>\n","protected":false},"excerpt":{"rendered":"<p>\u00a0 \u00a0 \u00a0 \u00a0 \u00a0 \u00a0 \u00a0 Decizia a fost luat\u0103 la solicitarea Ministerului Educa\u021biei, adresat\u0103 CNSU luni, 7 decembrie 2020, \u0219i este motivat\u0103 de situa\u021bia epidemiologic\u0103, ce continu\u0103 s\u0103 pun\u0103 presiune pe sistemul medical. \u201eAv\u00e2nd \u00een vedere evolu\u0163ia situa\u0163iei epidemiologice la nivelul Rom\u00e2niei p\u00e2n\u0103 la data de 7 decembrie 2020, (&#8230;), lu\u00e2nd \u00een considerare [&hellip;]<\/p>\n","protected":false},"author":1,"featured_media":1108,"comment_status":"open","ping_status":"open","sticky":false,"template":"","format":"standard","meta":{"footnotes":""},"categories":[2,23],"tags":[],"class_list":["post-1107","post","type-post","status-publish","format-standard","has-post-thumbnail","hentry","category-actualitate","category-stiri"],"_links":{"self":[{"href":"https:\/\/tvgiurgiu.ro\/index.php\/wp-json\/wp\/v2\/posts\/1107","targetHints":{"allow":["GET"]}}],"collection":[{"href":"https:\/\/tvgiurgiu.ro\/index.php\/wp-json\/wp\/v2\/posts"}],"about":[{"href":"https:\/\/tvgiurgiu.ro\/index.php\/wp-json\/wp\/v2\/types\/post"}],"author":[{"embeddable":true,"href":"https:\/\/tvgiurgiu.ro\/index.php\/wp-json\/wp\/v2\/users\/1"}],"replies":[{"embeddable":true,"href":"https:\/\/tvgiurgiu.ro\/index.php\/wp-json\/wp\/v2\/comments?post=1107"}],"version-history":[{"count":0,"href":"https:\/\/tvgiurgiu.ro\/index.php\/wp-json\/wp\/v2\/posts\/1107\/revisions"}],"wp:featuredmedia":[{"embeddable":true,"href":"https:\/\/tvgiurgiu.ro\/index.php\/wp-json\/wp\/v2\/media\/1108"}],"wp:attachment":[{"href":"https:\/\/tvgiurgiu.ro\/index.php\/wp-json\/wp\/v2\/media?parent=1107"}],"wp:term":[{"taxonomy":"category","embeddable":true,"href":"https:\/\/tvgiurgiu.ro\/index.php\/wp-json\/wp\/v2\/categories?post=1107"},{"taxonomy":"post_tag","embeddable":true,"href":"https:\/\/tvgiurgiu.ro\/index.php\/wp-json\/wp\/v2\/tags?post=1107"}],"curies":[{"name":"wp","href":"https:\/\/api.w.org\/{rel}","templated":true}]}}