{"id":1492,"date":"2021-01-04T09:01:24","date_gmt":"2021-01-04T09:01:24","guid":{"rendered":"https:\/\/tvgiurgiu.ro\/?p=1492"},"modified":"2021-01-04T09:01:24","modified_gmt":"2021-01-04T09:01:24","slug":"raed-arafat-exclude-ideea-unui-lockdown-general-in-romania-ce-spune-despre-restrictiile-locale","status":"publish","type":"post","link":"https:\/\/tvgiurgiu.ro\/index.php\/2021\/01\/04\/raed-arafat-exclude-ideea-unui-lockdown-general-in-romania-ce-spune-despre-restrictiile-locale\/","title":{"rendered":"Raed Arafat exclude ideea unui lockdown general \u00een Rom\u00e2nia. Ce spune despre restric\u021biile locale"},"content":{"rendered":"<p>Raed Arafat, \u0219eful Departamentului pentru Situa\u021bii de Urgen\u021b\u0103 (DSU), spune c\u0103 autorit\u0103\u021bile nu au inten\u021bia de a impune un lockdown general \u00een Rom\u00e2nia. \u00centr-o interven\u021bie pe B1 TV, Arafat a precizat \u00eens\u0103 c\u0103 restric\u021bii locale pot fi instituite acolo unde este nevoie.<\/p>\n<p>\u00centrebat dac\u0103 este de a\u0219teptat ca dac\u0103 num\u0103rul de cazuri de COVID-19 va cre\u0219te dup\u0103 s\u0103rb\u0103tori, s\u0103 fie instituite noi restric\u021bii la nivel na\u021bional, Raed Arafat a r\u0103spuns: \u201dM\u0103suri de lockdown generalizate nu sunt \u00een vizorul nostru. M\u0103suri localizate, cum am luat p\u00e2n\u0103 acum &#8211; \u0219i acum avem un num\u0103r de localit\u0103\u021bi care sunt \u00een carantin\u0103 &#8211; astfel de m\u0103suri pot fi luate dac\u0103 \u00een unele zone cre\u0219te num\u0103rul cazurilor peste un anumit procent \u0219i mai ales dac\u0103 este combinat cu al\u021bi factori pe care le analizeaz\u0103 colegii de la DSP \u0219i de la INSP. Da, astfel de m\u0103suri pot fi luate acolo unde este nevoie\u201d.<\/p>\n","protected":false},"excerpt":{"rendered":"<p>Raed Arafat, \u0219eful Departamentului pentru Situa\u021bii de Urgen\u021b\u0103 (DSU), spune c\u0103 autorit\u0103\u021bile nu au inten\u021bia de a impune un lockdown general \u00een Rom\u00e2nia. \u00centr-o interven\u021bie pe B1 TV, Arafat a precizat \u00eens\u0103 c\u0103 restric\u021bii locale pot fi instituite acolo unde este nevoie. \u00centrebat dac\u0103 este de a\u0219teptat ca dac\u0103 num\u0103rul de cazuri de COVID-19 va [&hellip;]<\/p>\n","protected":false},"author":1,"featured_media":1493,"comment_status":"open","ping_status":"open","sticky":false,"template":"","format":"standard","meta":{"footnotes":""},"categories":[2],"tags":[],"class_list":["post-1492","post","type-post","status-publish","format-standard","has-post-thumbnail","hentry","category-actualitate"],"_links":{"self":[{"href":"https:\/\/tvgiurgiu.ro\/index.php\/wp-json\/wp\/v2\/posts\/1492","targetHints":{"allow":["GET"]}}],"collection":[{"href":"https:\/\/tvgiurgiu.ro\/index.php\/wp-json\/wp\/v2\/posts"}],"about":[{"href":"https:\/\/tvgiurgiu.ro\/index.php\/wp-json\/wp\/v2\/types\/post"}],"author":[{"embeddable":true,"href":"https:\/\/tvgiurgiu.ro\/index.php\/wp-json\/wp\/v2\/users\/1"}],"replies":[{"embeddable":true,"href":"https:\/\/tvgiurgiu.ro\/index.php\/wp-json\/wp\/v2\/comments?post=1492"}],"version-history":[{"count":0,"href":"https:\/\/tvgiurgiu.ro\/index.php\/wp-json\/wp\/v2\/posts\/1492\/revisions"}],"wp:featuredmedia":[{"embeddable":true,"href":"https:\/\/tvgiurgiu.ro\/index.php\/wp-json\/wp\/v2\/media\/1493"}],"wp:attachment":[{"href":"https:\/\/tvgiurgiu.ro\/index.php\/wp-json\/wp\/v2\/media?parent=1492"}],"wp:term":[{"taxonomy":"category","embeddable":true,"href":"https:\/\/tvgiurgiu.ro\/index.php\/wp-json\/wp\/v2\/categories?post=1492"},{"taxonomy":"post_tag","embeddable":true,"href":"https:\/\/tvgiurgiu.ro\/index.php\/wp-json\/wp\/v2\/tags?post=1492"}],"curies":[{"name":"wp","href":"https:\/\/api.w.org\/{rel}","templated":true}]}}