{"id":15573,"date":"2025-08-08T13:57:02","date_gmt":"2025-08-08T10:57:02","guid":{"rendered":"https:\/\/tvgiurgiu.ro\/?p=15573"},"modified":"2025-08-08T13:57:03","modified_gmt":"2025-08-08T10:57:03","slug":"stapane-nu-uita-azi-iti-sarbatoresti-sefa","status":"publish","type":"post","link":"https:\/\/tvgiurgiu.ro\/index.php\/2025\/08\/08\/stapane-nu-uita-azi-iti-sarbatoresti-sefa\/","title":{"rendered":"St\u0103p\u00e2ne, nu uita: azi \u00ee\u021bi s\u0103rb\u0103tore\u0219ti\u00a0\u0219efa!"},"content":{"rendered":"\n<p>Pe 8 august, iubitorii de feline din \u00eentreaga lume marcheaz\u0103 Ziua Interna\u021bional\u0103 a Pisicii, un prilej de a celebra gra\u021bia, misterul \u0219i compania acestor animale care ne-au cucerit inimile de mii de ani.<\/p>\n\n\n\n<p>S\u0103rb\u0103toarea a fost ini\u021biat\u0103 \u00een 2002 de c\u0103tre International Fund for Animal Welfare, iar de atunci a devenit o zi simbolic\u0103 pentru protejarea \u0219i aprecierea pisicilor, fie ele de ras\u0103 sau maidaneze, tinere sau b\u0103tr\u00e2ne. Data de 8 august a fost aleas\u0103 tocmai pentru a atrage aten\u021bia asupra importan\u021bei grijii fa\u021b\u0103 de animale, \u00een special \u00een timpul lunilor toride de var\u0103, c\u00e2nd multe dintre ele ajung abandonate pe str\u0103zi.<\/p>\n\n\n\n<p>Pisicile au fost venerate \u00eenc\u0103 din Antichitate. \u00cen Egiptul Antic, spre exemplu, erau considerate animale sacre \u0219i protejate prin lege. De-a lungul secolelor, imaginea lor a trecut prin numeroase transform\u0103ri, dar ast\u0103zi, pentru milioane de oameni, pisica este un membru al familiei \u2013 prieten\u0103 t\u0103cut\u0103, dar prezent\u0103, st\u0103p\u00e2n\u0103 delicat\u0103 a casei \u0219i suflet tandru care aduce lini\u0219te.<br><\/p>\n\n\n\n<figure class=\"wp-block-image size-full\"><img loading=\"lazy\" decoding=\"async\" width=\"625\" height=\"565\" src=\"https:\/\/tvgiurgiu.ro\/wp-content\/uploads\/2025\/08\/image.png\" alt=\"\" class=\"wp-image-15574\" srcset=\"https:\/\/tvgiurgiu.ro\/wp-content\/uploads\/2025\/08\/image.png 625w, https:\/\/tvgiurgiu.ro\/wp-content\/uploads\/2025\/08\/image-300x271.png 300w\" sizes=\"auto, (max-width: 625px) 100vw, 625px\" \/><\/figure>\n\n\n\n<p>Cu toate acestea, \u00een Rom\u00e2nia nu exist\u0103 \u00eenc\u0103 o recunoa\u0219tere oficial\u0103 a acestei zile, iar evenimentele dedicate sunt, de cele mai multe ori, ini\u021biative locale ale ONG-urilor, clinicilor veterinare sau ad\u0103posturilor. Cu toate acestea, \u00een mediul online, Ziua Interna\u021bional\u0103 a Pisicii este \u00eent\u00e2mpinat\u0103 an de an cu mii de fotografii, clipuri video \u0219i mesaje dedicate necuv\u00e2nt\u0103toarelor pufoase care ne coloreaz\u0103 via\u021ba.<\/p>\n\n\n\n<p>A\u0219adar, dac\u0103 ave\u021bi o pisic\u0103 acas\u0103, azi e momentul perfect s\u0103-i oferi\u021bi o por\u021bie suplimentar\u0103 de r\u0103sf\u0103\u021b. Iar dac\u0103 nu, poate e ocazia s\u0103 adopta\u021bi una. Pentru c\u0103, a\u0219a cum spun iubitorii de feline, \u201ecine n-a avut o pisic\u0103 n-a cunoscut adev\u0103rata&nbsp;lini\u0219te\u201d.<\/p>\n","protected":false},"excerpt":{"rendered":"<p>Pe 8 august, iubitorii de feline din \u00eentreaga lume marcheaz\u0103 Ziua Interna\u021bional\u0103 a Pisicii, un prilej de a celebra gra\u021bia, misterul \u0219i compania acestor animale care ne-au cucerit inimile de mii de ani. S\u0103rb\u0103toarea a fost ini\u021biat\u0103 \u00een 2002 de c\u0103tre International Fund for Animal Welfare, iar de atunci a devenit o zi simbolic\u0103 pentru [&hellip;]<\/p>\n","protected":false},"author":7,"featured_media":0,"comment_status":"closed","ping_status":"open","sticky":false,"template":"","format":"standard","meta":{"footnotes":""},"categories":[2],"tags":[2455,2454],"class_list":["post-15573","post","type-post","status-publish","format-standard","hentry","category-actualitate","tag-nu-uita-azi-iti-sarbatoresti-sefa","tag-stapane"],"_links":{"self":[{"href":"https:\/\/tvgiurgiu.ro\/index.php\/wp-json\/wp\/v2\/posts\/15573","targetHints":{"allow":["GET"]}}],"collection":[{"href":"https:\/\/tvgiurgiu.ro\/index.php\/wp-json\/wp\/v2\/posts"}],"about":[{"href":"https:\/\/tvgiurgiu.ro\/index.php\/wp-json\/wp\/v2\/types\/post"}],"author":[{"embeddable":true,"href":"https:\/\/tvgiurgiu.ro\/index.php\/wp-json\/wp\/v2\/users\/7"}],"replies":[{"embeddable":true,"href":"https:\/\/tvgiurgiu.ro\/index.php\/wp-json\/wp\/v2\/comments?post=15573"}],"version-history":[{"count":1,"href":"https:\/\/tvgiurgiu.ro\/index.php\/wp-json\/wp\/v2\/posts\/15573\/revisions"}],"predecessor-version":[{"id":15575,"href":"https:\/\/tvgiurgiu.ro\/index.php\/wp-json\/wp\/v2\/posts\/15573\/revisions\/15575"}],"wp:attachment":[{"href":"https:\/\/tvgiurgiu.ro\/index.php\/wp-json\/wp\/v2\/media?parent=15573"}],"wp:term":[{"taxonomy":"category","embeddable":true,"href":"https:\/\/tvgiurgiu.ro\/index.php\/wp-json\/wp\/v2\/categories?post=15573"},{"taxonomy":"post_tag","embeddable":true,"href":"https:\/\/tvgiurgiu.ro\/index.php\/wp-json\/wp\/v2\/tags?post=15573"}],"curies":[{"name":"wp","href":"https:\/\/api.w.org\/{rel}","templated":true}]}}