{"id":15697,"date":"2025-08-13T08:36:04","date_gmt":"2025-08-13T05:36:04","guid":{"rendered":"https:\/\/tvgiurgiu.ro\/?p=15697"},"modified":"2025-08-13T08:46:14","modified_gmt":"2025-08-13T05:46:14","slug":"bacalaureat-2025-probele-de-competente-mutate-in-februarie-dupa-consultari-publice","status":"publish","type":"post","link":"https:\/\/tvgiurgiu.ro\/index.php\/2025\/08\/13\/bacalaureat-2025-probele-de-competente-mutate-in-februarie-dupa-consultari-publice\/","title":{"rendered":"Bacalaureat 2025: Probele de competen\u021be, mutate \u00een februarie, dup\u0103 consult\u0103ri publice"},"content":{"rendered":"\n<p class=\"has-medium-font-size\">Ministerul Educa\u021biei a anun\u021bat o schimbare important\u0103 \u00een calendarul examenului de Bacalaureat, mut\u00e2nd probele de evaluare a competen\u021belor lingvistice \u0219i digitale din timpul cursurilor \u00een luna februarie. Decizia a fost luat\u0103 dup\u0103 o perioad\u0103 de consultare public\u0103.<\/p>\n\n\n\n<p>Ministerul Educa\u021biei a publicat un nou ordin de ministru, care aduce o modificare important\u0103 \u00een desf\u0103\u0219urarea examenului de Bacalaureat pentru anul \u0219colar 2024-2025. Probele de evaluare a competen\u021belor, care ini\u021bial fuseser\u0103 programate \u00een timpul orelor de curs din var\u0103, au fost mutate acum \u00een luna februarie, o decizie menit\u0103 s\u0103 ofere mai mult\u0103 stabilitate \u0219i predictibilitate \u00een calendarul \u0219colar.<\/p>\n\n\n\n<p>Aceast\u0103 schimbare vine ca urmare a consult\u0103rilor publice \u0219i a feedback-ului primit de la elevi, p\u0103rin\u021bi \u0219i profesori. Mul\u021bi dintre ace\u0219tia au criticat calendarul precedent, care prevedea ca probele de competen\u021be (rom\u00e2n\u0103, limbi str\u0103ine, digital) s\u0103 aib\u0103 loc imediat dup\u0103 finalizarea orelor de curs, ceea ce ar fi putut afecta concentrarea \u0219i preg\u0103tirea elevilor pentru examenele scrise, considerate esen\u021biale.<\/p>\n\n\n\n<p>Astfel, conform noului ordin, probele de competen\u021be se vor desf\u0103\u0219ura \u00een perioada <strong>27 ianuarie &#8211; 7 februarie 2025<\/strong>, \u00een timp ce probele scrise vor r\u0103m\u00e2ne programate \u00een sesiunea din var\u0103. Aceast\u0103 mutare are scopul de a oferi elevilor un interval de timp ne\u00eentrerupt pentru a se preg\u0103ti pentru materiile de examen, f\u0103r\u0103 a fi nevoi\u021bi s\u0103 fac\u0103 naveta \u00eentre \u0219coal\u0103 \u0219i sesiunile de evaluare a competen\u021belor. Decizia a fost publicat\u0103 pe site-ul oficial al Ministerului Educa\u021biei \u0219i reprezint\u0103 o victorie a dialogului cu societatea civil\u0103 \u0219i cu factorii implica\u021bi \u00een sistemul de \u00eenv\u0103\u021b\u0103m\u00e2nt.<\/p>\n\n\n\n<p class=\"has-small-font-size\"><strong>sursa: https:\/\/www.edu.ro\/comunicat_presa_74_2024_conspub_proiecte_ordine_ENVIII_bacalaureat<\/strong><\/p>\n\n\n\n<p><\/p>\n","protected":false},"excerpt":{"rendered":"<p>Ministerul Educa\u021biei a anun\u021bat o schimbare important\u0103 \u00een calendarul examenului de Bacalaureat, mut\u00e2nd probele de evaluare a competen\u021belor lingvistice \u0219i digitale din timpul cursurilor \u00een luna februarie. Decizia a fost luat\u0103 dup\u0103 o perioad\u0103 de consultare public\u0103. Ministerul Educa\u021biei a publicat un nou ordin de ministru, care aduce o modificare important\u0103 \u00een desf\u0103\u0219urarea examenului de [&hellip;]<\/p>\n","protected":false},"author":9,"featured_media":15698,"comment_status":"closed","ping_status":"closed","sticky":false,"template":"","format":"standard","meta":{"footnotes":""},"categories":[2462],"tags":[2477,2475],"class_list":["post-15697","post","type-post","status-publish","format-standard","has-post-thumbnail","hentry","category-national","tag-bacalaureat-2025","tag-ministerul-educatiei"],"_links":{"self":[{"href":"https:\/\/tvgiurgiu.ro\/index.php\/wp-json\/wp\/v2\/posts\/15697","targetHints":{"allow":["GET"]}}],"collection":[{"href":"https:\/\/tvgiurgiu.ro\/index.php\/wp-json\/wp\/v2\/posts"}],"about":[{"href":"https:\/\/tvgiurgiu.ro\/index.php\/wp-json\/wp\/v2\/types\/post"}],"author":[{"embeddable":true,"href":"https:\/\/tvgiurgiu.ro\/index.php\/wp-json\/wp\/v2\/users\/9"}],"replies":[{"embeddable":true,"href":"https:\/\/tvgiurgiu.ro\/index.php\/wp-json\/wp\/v2\/comments?post=15697"}],"version-history":[{"count":1,"href":"https:\/\/tvgiurgiu.ro\/index.php\/wp-json\/wp\/v2\/posts\/15697\/revisions"}],"predecessor-version":[{"id":15699,"href":"https:\/\/tvgiurgiu.ro\/index.php\/wp-json\/wp\/v2\/posts\/15697\/revisions\/15699"}],"wp:featuredmedia":[{"embeddable":true,"href":"https:\/\/tvgiurgiu.ro\/index.php\/wp-json\/wp\/v2\/media\/15698"}],"wp:attachment":[{"href":"https:\/\/tvgiurgiu.ro\/index.php\/wp-json\/wp\/v2\/media?parent=15697"}],"wp:term":[{"taxonomy":"category","embeddable":true,"href":"https:\/\/tvgiurgiu.ro\/index.php\/wp-json\/wp\/v2\/categories?post=15697"},{"taxonomy":"post_tag","embeddable":true,"href":"https:\/\/tvgiurgiu.ro\/index.php\/wp-json\/wp\/v2\/tags?post=15697"}],"curies":[{"name":"wp","href":"https:\/\/api.w.org\/{rel}","templated":true}]}}