{"id":15715,"date":"2025-08-13T11:54:31","date_gmt":"2025-08-13T08:54:31","guid":{"rendered":"https:\/\/tvgiurgiu.ro\/?p=15715"},"modified":"2025-08-13T11:54:32","modified_gmt":"2025-08-13T08:54:32","slug":"actiune-preventiva-pentru-siguranta-pietonilor-si-biciclistilor-in-daia-si-plopsoru","status":"publish","type":"post","link":"https:\/\/tvgiurgiu.ro\/index.php\/2025\/08\/13\/actiune-preventiva-pentru-siguranta-pietonilor-si-biciclistilor-in-daia-si-plopsoru\/","title":{"rendered":"Ac\u021biune preventiv\u0103 pentru siguran\u021ba pietonilor \u0219i bicicli\u0219tilor \u00een Daia \u0219i Plop\u0219oru"},"content":{"rendered":"\n<p>\u00cen cadrul Planului Na\u021bional de M\u0103suri al Inspectoratului General al Poli\u021biei Rom\u00e2ne \u2013 Direc\u021bia Rutier\u0103, dedicat siguran\u021bei pietonilor \u0219i bicicli\u0219tilor \u00een 2025, poli\u021bi\u0219tii giurgiuveni au desf\u0103\u0219urat mar\u021bi, 13 august, o nou\u0103 activitate cu caracter informativ-preventiv.<\/p>\n\n\n\n<p>Echipe formate din poli\u021bi\u0219ti ai Serviciului Rutier \u0219i ai Biroului de Analiz\u0103 \u0219i Prevenire a Criminalit\u0103\u021bii au fost prezente \u00een localit\u0103\u021bile Daia \u0219i Plop\u0219oru, unde au discutat direct cu cet\u0103\u021benii despre importan\u021ba respect\u0103rii regulilor de circula\u021bie \u0219i despre responsabilitatea tuturor participan\u021bilor la trafic, \u00een special a conduc\u0103torilor auto fa\u021b\u0103 de categoriile vulnerabile.<\/p>\n\n\n\n<figure class=\"wp-block-image size-large\"><img loading=\"lazy\" decoding=\"async\" width=\"768\" height=\"1024\" src=\"https:\/\/tvgiurgiu.ro\/wp-content\/uploads\/2025\/08\/81332d8b-a848-4be7-87e0-86ac09c362d8-768x1024.jpeg\" alt=\"\" class=\"wp-image-15716\" srcset=\"https:\/\/tvgiurgiu.ro\/wp-content\/uploads\/2025\/08\/81332d8b-a848-4be7-87e0-86ac09c362d8-768x1024.jpeg 768w, https:\/\/tvgiurgiu.ro\/wp-content\/uploads\/2025\/08\/81332d8b-a848-4be7-87e0-86ac09c362d8-225x300.jpeg 225w, https:\/\/tvgiurgiu.ro\/wp-content\/uploads\/2025\/08\/81332d8b-a848-4be7-87e0-86ac09c362d8-1152x1536.jpeg 1152w, https:\/\/tvgiurgiu.ro\/wp-content\/uploads\/2025\/08\/81332d8b-a848-4be7-87e0-86ac09c362d8.jpeg 1536w\" sizes=\"auto, (max-width: 768px) 100vw, 768px\" \/><\/figure>\n\n\n\n<p><strong>Recomand\u0103ri pentru pietoni:<\/strong><\/p>\n\n\n\n<p>Traversarea se face doar pe trecerile special marcate \u0219i, dac\u0103 exist\u0103, la culoarea verde a semaforului. Asigura\u021bi-v\u0103 c\u0103 \u0219oferul v-a observat \u0219i a oprit \u00eenainte de a p\u0103\u0219i pe trecere. Evita\u021bi traversarea \u00een fug\u0103, pentru c\u0103 viteza autovehiculelor poate fi apreciat\u0103 gre\u0219it. Purta\u021bi \u00eembr\u0103c\u0103minte deschis\u0103 la culoare sau cu elemente reflectorizante, mai ales noaptea ori pe timp de cea\u021b\u0103\/ploaie.<\/p>\n\n\n\n<p><strong>Recomand\u0103ri pentru bicicli\u0219ti:<\/strong><\/p>\n\n\n\n<p>Casca de protec\u021bie \u0219i vesta reflectorizant\u0103 sunt esen\u021biale pentru siguran\u021b\u0103. Semnaliza\u021bi clar schimbarea direc\u021biei de mers folosind bra\u021bele. Utiliza\u021bi lumini \u0219i elemente reflectorizante at\u00e2t \u00een fa\u021b\u0103, c\u00e2t \u0219i \u00een spate, iar fr\u00e2nele trebuie s\u0103 fie perfect func\u021bionale. Circula\u021bi aten\u021bi, anticip\u00e2nd posibilele pericole din trafic.<\/p>\n\n\n\n<p>Poli\u021bi\u0219tii reamintesc c\u0103 traversarea pe trecerile de pietoni f\u0103r\u0103 a cobor\u00ee de pe biciclet\u0103 sau trotinet\u0103 reprezint\u0103 contraven\u021bie \u0219i poate atrage sanc\u021biuni, iar \u00een unele cazuri, implicarea \u00een accidente.<\/p>\n\n\n\n<p>De asemenea, circula\u021bia bicicletelor \u0219i trotinetelor electrice f\u0103r\u0103 respectarea regulilor rutiere se sanc\u021bioneaz\u0103 cu amend\u0103 \u00eentre 4 \u0219i 5 puncte, iar lipsa dot\u0103rilor obligatorii atrage amenzi cuprinse \u00eentre 6 \u0219i 8 puncte.<\/p>\n","protected":false},"excerpt":{"rendered":"<p>\u00cen cadrul Planului Na\u021bional de M\u0103suri al Inspectoratului General al Poli\u021biei Rom\u00e2ne \u2013 Direc\u021bia Rutier\u0103, dedicat siguran\u021bei pietonilor \u0219i bicicli\u0219tilor \u00een 2025, poli\u021bi\u0219tii giurgiuveni au desf\u0103\u0219urat mar\u021bi, 13 august, o nou\u0103 activitate cu caracter informativ-preventiv. Echipe formate din poli\u021bi\u0219ti ai Serviciului Rutier \u0219i ai Biroului de Analiz\u0103 \u0219i Prevenire a Criminalit\u0103\u021bii au fost prezente \u00een [&hellip;]<\/p>\n","protected":false},"author":7,"featured_media":15717,"comment_status":"closed","ping_status":"open","sticky":false,"template":"","format":"standard","meta":{"footnotes":""},"categories":[2461,2],"tags":[2485],"class_list":["post-15715","post","type-post","status-publish","format-standard","has-post-thumbnail","hentry","category-giurgiu","category-actualitate","tag-actiune-preventiva-pentru-siguranta-pietonilor-si-biciclistilor-in-daia-si-plopsoru"],"_links":{"self":[{"href":"https:\/\/tvgiurgiu.ro\/index.php\/wp-json\/wp\/v2\/posts\/15715","targetHints":{"allow":["GET"]}}],"collection":[{"href":"https:\/\/tvgiurgiu.ro\/index.php\/wp-json\/wp\/v2\/posts"}],"about":[{"href":"https:\/\/tvgiurgiu.ro\/index.php\/wp-json\/wp\/v2\/types\/post"}],"author":[{"embeddable":true,"href":"https:\/\/tvgiurgiu.ro\/index.php\/wp-json\/wp\/v2\/users\/7"}],"replies":[{"embeddable":true,"href":"https:\/\/tvgiurgiu.ro\/index.php\/wp-json\/wp\/v2\/comments?post=15715"}],"version-history":[{"count":2,"href":"https:\/\/tvgiurgiu.ro\/index.php\/wp-json\/wp\/v2\/posts\/15715\/revisions"}],"predecessor-version":[{"id":15719,"href":"https:\/\/tvgiurgiu.ro\/index.php\/wp-json\/wp\/v2\/posts\/15715\/revisions\/15719"}],"wp:featuredmedia":[{"embeddable":true,"href":"https:\/\/tvgiurgiu.ro\/index.php\/wp-json\/wp\/v2\/media\/15717"}],"wp:attachment":[{"href":"https:\/\/tvgiurgiu.ro\/index.php\/wp-json\/wp\/v2\/media?parent=15715"}],"wp:term":[{"taxonomy":"category","embeddable":true,"href":"https:\/\/tvgiurgiu.ro\/index.php\/wp-json\/wp\/v2\/categories?post=15715"},{"taxonomy":"post_tag","embeddable":true,"href":"https:\/\/tvgiurgiu.ro\/index.php\/wp-json\/wp\/v2\/tags?post=15715"}],"curies":[{"name":"wp","href":"https:\/\/api.w.org\/{rel}","templated":true}]}}