{"id":15786,"date":"2025-08-16T13:44:03","date_gmt":"2025-08-16T10:44:03","guid":{"rendered":"https:\/\/tvgiurgiu.ro\/?p=15786"},"modified":"2025-08-16T13:44:25","modified_gmt":"2025-08-16T10:44:25","slug":"migranti-ascunsi-intr-un-microbuz-si-o-persoana-urmarita-international","status":"publish","type":"post","link":"https:\/\/tvgiurgiu.ro\/index.php\/2025\/08\/16\/migranti-ascunsi-intr-un-microbuz-si-o-persoana-urmarita-international\/","title":{"rendered":"Migran\u021bi ascun\u0219i \u00eentr-un microbuz \u0219i o persoan\u0103 urm\u0103rit\u0103 interna\u021bional"},"content":{"rendered":"\n<p>Poli\u021bi\u0219tii de frontier\u0103 din Giurgiu \u0219i Calafat au avut, \u00een ultimele 48 de ore, dou\u0103 interven\u021bii importante pentru siguran\u021ba frontierei.<\/p>\n\n\n\n<p>\u00cen noaptea de 16 august, \u00een jurul orei 01:40, \u00een parcarea de la punctul de taxare Calafat\u2013Vidin, un microbuz \u00eenmatriculat \u00een Bulgaria, care se deplasa pe ruta Bulgaria\u2013Italia, a fost verificat de echipaje mixte rom\u00e2no-bulgare. La volan se afla un cet\u0103\u021bean bulgar de 23 de ani, iar pe locul din dreapta un alt cona\u021bional. \u00cen urma controlului am\u0103nun\u021bit, \u00een compartimentul de marf\u0103 au fost descoperi\u021bi zece migran\u021bi din Irak \u0219i Siria, f\u0103r\u0103 documente legale de c\u0103l\u0103torie \u0219i f\u0103r\u0103 a \u00eendeplini condi\u021biile de intrare \u00een Rom\u00e2nia. At\u00e2t \u0219oferul, c\u00e2t \u0219i pasagerul, \u00eempreun\u0103 cu microbuzul \u0219i cei zece str\u0103ini, au fost prelua\u021bi de autorit\u0103\u021bile bulgare pentru continuarea cercet\u0103rilo<\/p>\n\n\n\n<figure class=\"wp-block-image size-large\"><img loading=\"lazy\" decoding=\"async\" width=\"1024\" height=\"640\" src=\"https:\/\/tvgiurgiu.ro\/wp-content\/uploads\/2025\/08\/98ef3862-caab-40cc-a4eb-ae9b1fcfc892-1024x640.jpeg\" alt=\"\" class=\"wp-image-15788\" srcset=\"https:\/\/tvgiurgiu.ro\/wp-content\/uploads\/2025\/08\/98ef3862-caab-40cc-a4eb-ae9b1fcfc892-1024x640.jpeg 1024w, https:\/\/tvgiurgiu.ro\/wp-content\/uploads\/2025\/08\/98ef3862-caab-40cc-a4eb-ae9b1fcfc892-300x188.jpeg 300w, https:\/\/tvgiurgiu.ro\/wp-content\/uploads\/2025\/08\/98ef3862-caab-40cc-a4eb-ae9b1fcfc892-768x480.jpeg 768w, https:\/\/tvgiurgiu.ro\/wp-content\/uploads\/2025\/08\/98ef3862-caab-40cc-a4eb-ae9b1fcfc892.jpeg 1200w\" sizes=\"auto, (max-width: 1024px) 100vw, 1024px\" \/><\/figure>\n\n\n\n<p>Un alt caz a fost \u00eenregistrat pe 15 august, la ora 10:30, pe DN 5, \u00een apropiere de Giurgiu. Poli\u021bi\u0219tii de frontier\u0103 au oprit pentru control un autoturism cu numere de Austria, condus de o femeie din Bulgaria. \u00cen ma\u0219in\u0103 se afla \u0219i un pasager, de asemenea cet\u0103\u021bean bulgar. Verific\u0103rile efectuate prin aplica\u021bia e-DAC au ar\u0103tat c\u0103 b\u0103rbatul figura \u00een bazele de date ca fiind urm\u0103rit interna\u021bional, pe numele s\u0103u fiind emis\u0103 o alert\u0103 de c\u0103tre autorit\u0103\u021bile din Austria pentru arestare \u00een vederea extr\u0103d\u0103rii. Acesta a fost predat poli\u021bi\u0219tilor din cadrul Inspectoratului Jude\u021bean de Poli\u021bie Giurgiu.<\/p>\n\n\n\n<p>Reprezentan\u021bii Inspectoratului Teritorial al Poli\u021biei de Frontier\u0103 Giurgiu precizeaz\u0103 c\u0103 ac\u021biunile s-au desf\u0103\u0219urat \u00een str\u00e2ns\u0103 cooperare cu autorit\u0103\u021bile din Bulgaria, \u00een conformitate cu normele Schengen, viz\u00e2nd at\u00e2t combaterea migra\u021biei ilegale, c\u00e2t \u0219i depistarea persoanelor urm\u0103rite interna\u021bional.<\/p>\n","protected":false},"excerpt":{"rendered":"<p>Poli\u021bi\u0219tii de frontier\u0103 din Giurgiu \u0219i Calafat au avut, \u00een ultimele 48 de ore, dou\u0103 interven\u021bii importante pentru siguran\u021ba frontierei. \u00cen noaptea de 16 august, \u00een jurul orei 01:40, \u00een parcarea de la punctul de taxare Calafat\u2013Vidin, un microbuz \u00eenmatriculat \u00een Bulgaria, care se deplasa pe ruta Bulgaria\u2013Italia, a fost verificat de echipaje mixte rom\u00e2no-bulgare. [&hellip;]<\/p>\n","protected":false},"author":7,"featured_media":15787,"comment_status":"closed","ping_status":"open","sticky":false,"template":"","format":"standard","meta":{"footnotes":""},"categories":[2],"tags":[2492],"class_list":["post-15786","post","type-post","status-publish","format-standard","has-post-thumbnail","hentry","category-actualitate","tag-migranti-ascunsi-intr-un-microbuz-si-o-persoana-urmarita-international"],"_links":{"self":[{"href":"https:\/\/tvgiurgiu.ro\/index.php\/wp-json\/wp\/v2\/posts\/15786","targetHints":{"allow":["GET"]}}],"collection":[{"href":"https:\/\/tvgiurgiu.ro\/index.php\/wp-json\/wp\/v2\/posts"}],"about":[{"href":"https:\/\/tvgiurgiu.ro\/index.php\/wp-json\/wp\/v2\/types\/post"}],"author":[{"embeddable":true,"href":"https:\/\/tvgiurgiu.ro\/index.php\/wp-json\/wp\/v2\/users\/7"}],"replies":[{"embeddable":true,"href":"https:\/\/tvgiurgiu.ro\/index.php\/wp-json\/wp\/v2\/comments?post=15786"}],"version-history":[{"count":1,"href":"https:\/\/tvgiurgiu.ro\/index.php\/wp-json\/wp\/v2\/posts\/15786\/revisions"}],"predecessor-version":[{"id":15789,"href":"https:\/\/tvgiurgiu.ro\/index.php\/wp-json\/wp\/v2\/posts\/15786\/revisions\/15789"}],"wp:featuredmedia":[{"embeddable":true,"href":"https:\/\/tvgiurgiu.ro\/index.php\/wp-json\/wp\/v2\/media\/15787"}],"wp:attachment":[{"href":"https:\/\/tvgiurgiu.ro\/index.php\/wp-json\/wp\/v2\/media?parent=15786"}],"wp:term":[{"taxonomy":"category","embeddable":true,"href":"https:\/\/tvgiurgiu.ro\/index.php\/wp-json\/wp\/v2\/categories?post=15786"},{"taxonomy":"post_tag","embeddable":true,"href":"https:\/\/tvgiurgiu.ro\/index.php\/wp-json\/wp\/v2\/tags?post=15786"}],"curies":[{"name":"wp","href":"https:\/\/api.w.org\/{rel}","templated":true}]}}