{"id":1581,"date":"2021-01-08T07:46:03","date_gmt":"2021-01-08T07:46:03","guid":{"rendered":"https:\/\/tvgiurgiu.ro\/?p=1581"},"modified":"2021-01-08T07:46:03","modified_gmt":"2021-01-08T07:46:03","slug":"comisia-europeana-il-contrazice-pe-citu-fost-sef-anaf-ministrul-citu-a-fost-un-mincinos-patologic-cel-mai-probabil-premierul-citu-ii-va-calca-pe-urme","status":"publish","type":"post","link":"https:\/\/tvgiurgiu.ro\/index.php\/2021\/01\/08\/comisia-europeana-il-contrazice-pe-citu-fost-sef-anaf-ministrul-citu-a-fost-un-mincinos-patologic-cel-mai-probabil-premierul-citu-ii-va-calca-pe-urme\/","title":{"rendered":"Comisia European\u0103 \u00eel contrazice pe C\u00ee\u0163u. Fost \u015fef ANAF: &#8216;Ministrul C\u00ee\u021bu a fost un mincinos patologic. Cel mai probabil, premierul C\u00ee\u021bu \u00eei va c\u0103lca pe urme&#8217;"},"content":{"rendered":"<p><strong>Comisia European\u0103 contrazice sus\u0163inerile lui Florin C\u00ee\u0163u referitoare la dimensiunile pachetului de sus\u0163inere a economiei. Gelu Diaconu, fost pre\u015fedinte ANAF \u00een perioada 2013-2016, afirm\u0103 c\u0103 actualul premier a min\u0163it, iar al\u0163i responsabili de la BNR \u015fi Consiliul Fiscal ar fi trebuit s\u0103 combat\u0103 propaganda acestuia.<\/strong><\/p>\n<div class=\"teads-adCall\"><\/div>\n<p>&#8222;Ministrul C\u00ee\u021bu a fost un mincinos patologic. Cel mai probabil, premierul C\u00ee\u021bu \u00eei va c\u0103lca pe urme.<\/p>\n<p>\u201eF\u0103r\u0103 precedent \u00een Rom\u00e2nia! Pachetul de sus\u0163inere a economiei o s\u0103 dep\u0103\u015feasc\u0103, ATEN\u0162IE, 7% din PIB p\u00e2n\u0103 la finalul anului. Deja \u00een primele 9 luni am injectat SUPLIMENTAR \u00een economie 34.5 miliarde lei (3.2% din PIB)\u201d, este mesajul postat pe Facebook de Florin C\u00ee\u0163u \u00een octombrie 2020.<\/p>\n<p>V-am explicat atunci aici c\u0103 este o minciun\u0103 sfruntata, printre altele explic\u00e2ndu-v\u0103 c\u0103 sumele din impozite am\u00e2nate la plat\u0103 nu sunt parte din PIB \u0219i c\u0103 acestea se vor transforma \u00een arierate nerecuperabile.<\/p>\n<p>Asa ca idolatrilor &#8222;profesionistului&#8221; C\u00ee\u021bu ar trebui s\u0103 le fie un pic ru\u0219ine. Dar \u0219i celor care afla\u021bi \u00een func\u021bii de r\u0103spundere bine pl\u0103tite (BNR, Consiliul Fiscal, etc.) au t\u0103cut m\u00e2lc toler\u00e2ndu-i minciunile lui C\u00ee\u021bu.<\/p>\n<p>Prin scrisoarea CE deficitul bugetar a devenit astfel &#8222;\u00een mod oficial&#8221; nesustenabil, iar criza datoriei publice bate la u\u0219\u0103.<\/p>\n<p>Gluma se \u00eengroa\u0219\u0103 iremediabil iar efectele vor fi puse pe spinarea celor mul\u021bi \u0219i u\u0219or de manipulat&#8221;, scrie Gelu Diaconu pe Facebook.<\/p>\n","protected":false},"excerpt":{"rendered":"<p>Comisia European\u0103 contrazice sus\u0163inerile lui Florin C\u00ee\u0163u referitoare la dimensiunile pachetului de sus\u0163inere a economiei. Gelu Diaconu, fost pre\u015fedinte ANAF \u00een perioada 2013-2016, afirm\u0103 c\u0103 actualul premier a min\u0163it, iar al\u0163i responsabili de la BNR \u015fi Consiliul Fiscal ar fi trebuit s\u0103 combat\u0103 propaganda acestuia. &#8222;Ministrul C\u00ee\u021bu a fost un mincinos patologic. Cel mai probabil, [&hellip;]<\/p>\n","protected":false},"author":1,"featured_media":1582,"comment_status":"open","ping_status":"open","sticky":false,"template":"","format":"standard","meta":{"footnotes":""},"categories":[2],"tags":[],"class_list":["post-1581","post","type-post","status-publish","format-standard","has-post-thumbnail","hentry","category-actualitate"],"_links":{"self":[{"href":"https:\/\/tvgiurgiu.ro\/index.php\/wp-json\/wp\/v2\/posts\/1581","targetHints":{"allow":["GET"]}}],"collection":[{"href":"https:\/\/tvgiurgiu.ro\/index.php\/wp-json\/wp\/v2\/posts"}],"about":[{"href":"https:\/\/tvgiurgiu.ro\/index.php\/wp-json\/wp\/v2\/types\/post"}],"author":[{"embeddable":true,"href":"https:\/\/tvgiurgiu.ro\/index.php\/wp-json\/wp\/v2\/users\/1"}],"replies":[{"embeddable":true,"href":"https:\/\/tvgiurgiu.ro\/index.php\/wp-json\/wp\/v2\/comments?post=1581"}],"version-history":[{"count":0,"href":"https:\/\/tvgiurgiu.ro\/index.php\/wp-json\/wp\/v2\/posts\/1581\/revisions"}],"wp:featuredmedia":[{"embeddable":true,"href":"https:\/\/tvgiurgiu.ro\/index.php\/wp-json\/wp\/v2\/media\/1582"}],"wp:attachment":[{"href":"https:\/\/tvgiurgiu.ro\/index.php\/wp-json\/wp\/v2\/media?parent=1581"}],"wp:term":[{"taxonomy":"category","embeddable":true,"href":"https:\/\/tvgiurgiu.ro\/index.php\/wp-json\/wp\/v2\/categories?post=1581"},{"taxonomy":"post_tag","embeddable":true,"href":"https:\/\/tvgiurgiu.ro\/index.php\/wp-json\/wp\/v2\/tags?post=1581"}],"curies":[{"name":"wp","href":"https:\/\/api.w.org\/{rel}","templated":true}]}}