{"id":15912,"date":"2025-08-21T08:37:44","date_gmt":"2025-08-21T05:37:44","guid":{"rendered":"https:\/\/tvgiurgiu.ro\/?p=15912"},"modified":"2025-08-21T19:43:06","modified_gmt":"2025-08-21T16:43:06","slug":"sprijin-real-pentru-comunitate","status":"publish","type":"post","link":"https:\/\/tvgiurgiu.ro\/index.php\/2025\/08\/21\/sprijin-real-pentru-comunitate\/","title":{"rendered":"Sprijin real pentru comunitate"},"content":{"rendered":"\n<p>Crucea Ro\u0219ie Giurgiu r\u0103m\u00e2ne un sprijin de n\u0103dejde pentru comunitate. De la workshop-uri interna\u021bionale de salvare din ap\u0103 \u0219i prim ajutor, p\u00e2n\u0103 la programe sociale dedicate copiilor \u0219i viitoarea caravan\u0103 medical\u0103, voluntarii continu\u0103 s\u0103 aduc\u0103 speran\u021b\u0103 \u0219i ajutor acolo unde este cea mai mare nevoie<\/p>\n\n\n\n<figure class=\"wp-block-embed is-type-video is-provider-youtube wp-block-embed-youtube wp-embed-aspect-16-9 wp-has-aspect-ratio\"><div class=\"wp-block-embed__wrapper\">\n<iframe loading=\"lazy\" title=\"Sprijin real pentru comunitate\" width=\"640\" height=\"360\" src=\"https:\/\/www.youtube.com\/embed\/Mpfrs4MNkOk?feature=oembed\" frameborder=\"0\" allow=\"accelerometer; autoplay; clipboard-write; encrypted-media; gyroscope; picture-in-picture; web-share\" referrerpolicy=\"strict-origin-when-cross-origin\" allowfullscreen><\/iframe>\n<\/div><\/figure>\n\n\n\n<p><br><br><\/p>\n","protected":false},"excerpt":{"rendered":"<p>Crucea Ro\u0219ie Giurgiu r\u0103m\u00e2ne un sprijin de n\u0103dejde pentru comunitate. De la workshop-uri interna\u021bionale de salvare din ap\u0103 \u0219i prim ajutor, p\u00e2n\u0103 la programe sociale dedicate copiilor \u0219i viitoarea caravan\u0103 medical\u0103, voluntarii continu\u0103 s\u0103 aduc\u0103 speran\u021b\u0103 \u0219i ajutor acolo unde este cea mai mare nevoie<\/p>\n","protected":false},"author":7,"featured_media":15941,"comment_status":"closed","ping_status":"open","sticky":false,"template":"","format":"standard","meta":{"footnotes":""},"categories":[2461,23],"tags":[],"class_list":["post-15912","post","type-post","status-publish","format-standard","has-post-thumbnail","hentry","category-giurgiu","category-stiri"],"_links":{"self":[{"href":"https:\/\/tvgiurgiu.ro\/index.php\/wp-json\/wp\/v2\/posts\/15912","targetHints":{"allow":["GET"]}}],"collection":[{"href":"https:\/\/tvgiurgiu.ro\/index.php\/wp-json\/wp\/v2\/posts"}],"about":[{"href":"https:\/\/tvgiurgiu.ro\/index.php\/wp-json\/wp\/v2\/types\/post"}],"author":[{"embeddable":true,"href":"https:\/\/tvgiurgiu.ro\/index.php\/wp-json\/wp\/v2\/users\/7"}],"replies":[{"embeddable":true,"href":"https:\/\/tvgiurgiu.ro\/index.php\/wp-json\/wp\/v2\/comments?post=15912"}],"version-history":[{"count":3,"href":"https:\/\/tvgiurgiu.ro\/index.php\/wp-json\/wp\/v2\/posts\/15912\/revisions"}],"predecessor-version":[{"id":15943,"href":"https:\/\/tvgiurgiu.ro\/index.php\/wp-json\/wp\/v2\/posts\/15912\/revisions\/15943"}],"wp:featuredmedia":[{"embeddable":true,"href":"https:\/\/tvgiurgiu.ro\/index.php\/wp-json\/wp\/v2\/media\/15941"}],"wp:attachment":[{"href":"https:\/\/tvgiurgiu.ro\/index.php\/wp-json\/wp\/v2\/media?parent=15912"}],"wp:term":[{"taxonomy":"category","embeddable":true,"href":"https:\/\/tvgiurgiu.ro\/index.php\/wp-json\/wp\/v2\/categories?post=15912"},{"taxonomy":"post_tag","embeddable":true,"href":"https:\/\/tvgiurgiu.ro\/index.php\/wp-json\/wp\/v2\/tags?post=15912"}],"curies":[{"name":"wp","href":"https:\/\/api.w.org\/{rel}","templated":true}]}}