{"id":16037,"date":"2025-08-26T22:27:05","date_gmt":"2025-08-26T19:27:05","guid":{"rendered":"https:\/\/tvgiurgiu.ro\/?p=16037"},"modified":"2025-08-26T22:27:06","modified_gmt":"2025-08-26T19:27:06","slug":"incendiu-de-vegetatie-intre-valea-plopilor-si-ghimpati","status":"publish","type":"post","link":"https:\/\/tvgiurgiu.ro\/index.php\/2025\/08\/26\/incendiu-de-vegetatie-intre-valea-plopilor-si-ghimpati\/","title":{"rendered":"Incendiu de vegeta\u021bie \u00eentre Valea Plopilor \u0219i Ghimpa\u021bi\u00a0"},"content":{"rendered":"\n<p>Un incendiu puternic a izbucnit, \u00een aceast\u0103 dup\u0103-amiaz\u0103, \u00eentre localit\u0103\u021bile Valea Plopilor \u0219i Ghimpa\u021bi, dup\u0103 ce un autotren a suferit o avarie la una dintre ro\u021bi. Roata s-a \u00eencins, a explodat, iar sc\u00e2nteile au aprins vegeta\u021bia uscat\u0103 de pe marginea drumului.<\/p>\n\n\n\n<p>Focul s-a extins cu repeziciune, alimentat de v\u00e2nt \u0219i de usc\u0103ciunea din zon\u0103, \u0219i a cuprins nu doar c\u00e2mpurile din apropiere, ci \u0219i curtea unei hale de produc\u021bie. \u00cen doar c\u00e2teva minute, fl\u0103c\u0103rile au mistuit aproximativ un hectar de vegeta\u021bie uscat\u0103, un hectar de miri\u0219te \u0219i peste 5000 de metri p\u0103tra\u021bi de teren din jurul construc\u021biei. Hala \u00eens\u0103\u0219i a fost afectat\u0103 pe o suprafa\u021b\u0103 de aproape 100 de metri p\u0103tra\u021bi.<\/p>\n\n\n\n<figure class=\"wp-block-image size-large\"><img loading=\"lazy\" decoding=\"async\" width=\"1024\" height=\"1024\" src=\"http:\/\/tvgiurgiu.ro\/wp-content\/uploads\/2025\/08\/af2b1adf-7631-469c-9cfa-6b2b3686ff51-1024x1024.jpeg\" alt=\"\" class=\"wp-image-16036\" srcset=\"https:\/\/tvgiurgiu.ro\/wp-content\/uploads\/2025\/08\/af2b1adf-7631-469c-9cfa-6b2b3686ff51-1024x1024.jpeg 1024w, https:\/\/tvgiurgiu.ro\/wp-content\/uploads\/2025\/08\/af2b1adf-7631-469c-9cfa-6b2b3686ff51-300x300.jpeg 300w, https:\/\/tvgiurgiu.ro\/wp-content\/uploads\/2025\/08\/af2b1adf-7631-469c-9cfa-6b2b3686ff51-150x150.jpeg 150w, https:\/\/tvgiurgiu.ro\/wp-content\/uploads\/2025\/08\/af2b1adf-7631-469c-9cfa-6b2b3686ff51-768x768.jpeg 768w, https:\/\/tvgiurgiu.ro\/wp-content\/uploads\/2025\/08\/af2b1adf-7631-469c-9cfa-6b2b3686ff51-1536x1536.jpeg 1536w, https:\/\/tvgiurgiu.ro\/wp-content\/uploads\/2025\/08\/af2b1adf-7631-469c-9cfa-6b2b3686ff51.jpeg 2048w\" sizes=\"auto, (max-width: 1024px) 100vw, 1024px\" \/><\/figure>\n\n\n\n<p>Echipajele de pompieri au reu\u0219it s\u0103 ajung\u0103 rapid \u0219i s\u0103 intervin\u0103 cu patru autospeciale de stingere, sprijinite \u0219i de o ambulan\u021b\u0103 SAJ, pentru a fi preg\u0103tite \u00een caz de victime. Din fericire, nu s-au \u00eenregistrat persoane r\u0103nite. Mai mult, utilajele \u0219i materialele aflate \u00een hal\u0103 au fost salvate la timp, \u00eenainte ca fl\u0103c\u0103rile s\u0103 le ajung\u0103.<\/p>\n\n\n\n<p>La misiune au participat pompierii din cadrul Sec\u021biei Mih\u0103ile\u0219ti, Punctului de Lucru C\u0103lug\u0103reni \u0219i Deta\u0219amentului Giurgiu, care au muncit intens pentru a limita propor\u021biile dezastrului.<\/p>\n","protected":false},"excerpt":{"rendered":"<p>Un incendiu puternic a izbucnit, \u00een aceast\u0103 dup\u0103-amiaz\u0103, \u00eentre localit\u0103\u021bile Valea Plopilor \u0219i Ghimpa\u021bi, dup\u0103 ce un autotren a suferit o avarie la una dintre ro\u021bi. Roata s-a \u00eencins, a explodat, iar sc\u00e2nteile au aprins vegeta\u021bia uscat\u0103 de pe marginea drumului. Focul s-a extins cu repeziciune, alimentat de v\u00e2nt \u0219i de usc\u0103ciunea din zon\u0103, \u0219i [&hellip;]<\/p>\n","protected":false},"author":7,"featured_media":16035,"comment_status":"closed","ping_status":"open","sticky":false,"template":"","format":"standard","meta":{"footnotes":""},"categories":[2],"tags":[],"class_list":["post-16037","post","type-post","status-publish","format-standard","has-post-thumbnail","hentry","category-actualitate"],"_links":{"self":[{"href":"https:\/\/tvgiurgiu.ro\/index.php\/wp-json\/wp\/v2\/posts\/16037","targetHints":{"allow":["GET"]}}],"collection":[{"href":"https:\/\/tvgiurgiu.ro\/index.php\/wp-json\/wp\/v2\/posts"}],"about":[{"href":"https:\/\/tvgiurgiu.ro\/index.php\/wp-json\/wp\/v2\/types\/post"}],"author":[{"embeddable":true,"href":"https:\/\/tvgiurgiu.ro\/index.php\/wp-json\/wp\/v2\/users\/7"}],"replies":[{"embeddable":true,"href":"https:\/\/tvgiurgiu.ro\/index.php\/wp-json\/wp\/v2\/comments?post=16037"}],"version-history":[{"count":1,"href":"https:\/\/tvgiurgiu.ro\/index.php\/wp-json\/wp\/v2\/posts\/16037\/revisions"}],"predecessor-version":[{"id":16038,"href":"https:\/\/tvgiurgiu.ro\/index.php\/wp-json\/wp\/v2\/posts\/16037\/revisions\/16038"}],"wp:featuredmedia":[{"embeddable":true,"href":"https:\/\/tvgiurgiu.ro\/index.php\/wp-json\/wp\/v2\/media\/16035"}],"wp:attachment":[{"href":"https:\/\/tvgiurgiu.ro\/index.php\/wp-json\/wp\/v2\/media?parent=16037"}],"wp:term":[{"taxonomy":"category","embeddable":true,"href":"https:\/\/tvgiurgiu.ro\/index.php\/wp-json\/wp\/v2\/categories?post=16037"},{"taxonomy":"post_tag","embeddable":true,"href":"https:\/\/tvgiurgiu.ro\/index.php\/wp-json\/wp\/v2\/tags?post=16037"}],"curies":[{"name":"wp","href":"https:\/\/api.w.org\/{rel}","templated":true}]}}