{"id":16056,"date":"2025-08-27T14:22:30","date_gmt":"2025-08-27T11:22:30","guid":{"rendered":"https:\/\/tvgiurgiu.ro\/?p=16056"},"modified":"2025-08-27T14:22:34","modified_gmt":"2025-08-27T11:22:34","slug":"fotbalul-judetean-porneste-in-septembrie-cu-cupa-romaniei-si-ligile-a-iv-a-a-v-a-si-a-vi-a-la-arbitri-chivulete-demisioneaza-popazu-preia-interimar","status":"publish","type":"post","link":"https:\/\/tvgiurgiu.ro\/index.php\/2025\/08\/27\/fotbalul-judetean-porneste-in-septembrie-cu-cupa-romaniei-si-ligile-a-iv-a-a-v-a-si-a-vi-a-la-arbitri-chivulete-demisioneaza-popazu-preia-interimar\/","title":{"rendered":"FOTBALUL JUDE\u021aEAN PORNE\u0218TE \u00ceN SEPTEMBRIE CU CUPA ROM\u00c2NIEI \u0218I LIGILE A IV-A, A V-A \u0218I A VI-A. LA ARBITRI, CHIVULETE DEMISIONEAZ\u0102, POPAZU PREIA INTERIMAR"},"content":{"rendered":"\n<figure class=\"wp-block-embed is-type-video is-provider-youtube wp-block-embed-youtube wp-embed-aspect-16-9 wp-has-aspect-ratio\"><div class=\"wp-block-embed__wrapper\">\n<iframe loading=\"lazy\" title=\"FOTBALUL JUDE\u021aEAN PORNE\u0218TE \u00ceN SEPTEMBRIE CU CUPA ROM\u00c2NIEI \u0218I LIGILE ...CHIVULETE DEMISIONEAZ\u0102...\" width=\"640\" height=\"360\" src=\"https:\/\/www.youtube.com\/embed\/GASa-592z5k?feature=oembed\" frameborder=\"0\" allow=\"accelerometer; autoplay; clipboard-write; encrypted-media; gyroscope; picture-in-picture; web-share\" referrerpolicy=\"strict-origin-when-cross-origin\" allowfullscreen><\/iframe>\n<\/div><\/figure>\n\n\n\n<p>Sezonul fotbalistic jude\u021bean se preg\u0103te\u0219te de start. Cupa Rom\u00e2niei, dar \u0219i ligile a IV-a, a V-a \u0219i a VI-a vor debuta \u00een luna septembrie, conform calendarului stabilit de Asocia\u021bia Jude\u021bean\u0103 de Fotbal Giurgiu. \u00cen acela\u0219i timp, la nivelul arbitrilor s-a produs o schimbare important\u0103: dup\u0103 demisia lui Florin Chivulete, conducerea este preluat\u0103 interimar de Andrei Popazu.<\/p>\n","protected":false},"excerpt":{"rendered":"<p>Sezonul fotbalistic jude\u021bean se preg\u0103te\u0219te de start. Cupa Rom\u00e2niei, dar \u0219i ligile a IV-a, a V-a \u0219i a VI-a vor debuta \u00een luna septembrie, conform calendarului stabilit de Asocia\u021bia Jude\u021bean\u0103 de Fotbal Giurgiu. \u00cen acela\u0219i timp, la nivelul arbitrilor s-a produs o schimbare important\u0103: dup\u0103 demisia lui Florin Chivulete, conducerea este preluat\u0103 interimar de Andrei [&hellip;]<\/p>\n","protected":false},"author":8,"featured_media":16058,"comment_status":"closed","ping_status":"open","sticky":false,"template":"","format":"video","meta":{"footnotes":""},"categories":[2461,13,23],"tags":[],"class_list":["post-16056","post","type-post","status-publish","format-video","has-post-thumbnail","hentry","category-giurgiu","category-sport","category-stiri","post_format-post-format-video"],"_links":{"self":[{"href":"https:\/\/tvgiurgiu.ro\/index.php\/wp-json\/wp\/v2\/posts\/16056","targetHints":{"allow":["GET"]}}],"collection":[{"href":"https:\/\/tvgiurgiu.ro\/index.php\/wp-json\/wp\/v2\/posts"}],"about":[{"href":"https:\/\/tvgiurgiu.ro\/index.php\/wp-json\/wp\/v2\/types\/post"}],"author":[{"embeddable":true,"href":"https:\/\/tvgiurgiu.ro\/index.php\/wp-json\/wp\/v2\/users\/8"}],"replies":[{"embeddable":true,"href":"https:\/\/tvgiurgiu.ro\/index.php\/wp-json\/wp\/v2\/comments?post=16056"}],"version-history":[{"count":1,"href":"https:\/\/tvgiurgiu.ro\/index.php\/wp-json\/wp\/v2\/posts\/16056\/revisions"}],"predecessor-version":[{"id":16059,"href":"https:\/\/tvgiurgiu.ro\/index.php\/wp-json\/wp\/v2\/posts\/16056\/revisions\/16059"}],"wp:featuredmedia":[{"embeddable":true,"href":"https:\/\/tvgiurgiu.ro\/index.php\/wp-json\/wp\/v2\/media\/16058"}],"wp:attachment":[{"href":"https:\/\/tvgiurgiu.ro\/index.php\/wp-json\/wp\/v2\/media?parent=16056"}],"wp:term":[{"taxonomy":"category","embeddable":true,"href":"https:\/\/tvgiurgiu.ro\/index.php\/wp-json\/wp\/v2\/categories?post=16056"},{"taxonomy":"post_tag","embeddable":true,"href":"https:\/\/tvgiurgiu.ro\/index.php\/wp-json\/wp\/v2\/tags?post=16056"}],"curies":[{"name":"wp","href":"https:\/\/api.w.org\/{rel}","templated":true}]}}