{"id":16232,"date":"2025-09-04T15:16:40","date_gmt":"2025-09-04T12:16:40","guid":{"rendered":"https:\/\/tvgiurgiu.ro\/?p=16232"},"modified":"2025-09-04T15:16:42","modified_gmt":"2025-09-04T12:16:42","slug":"incendiu-de-vegetatie-intre-balanoaia-si-oncesti-interventie-de","status":"publish","type":"post","link":"https:\/\/tvgiurgiu.ro\/index.php\/2025\/09\/04\/incendiu-de-vegetatie-intre-balanoaia-si-oncesti-interventie-de\/","title":{"rendered":"INCENDIU DE VEGETA\u021aIE \u00ceNTRE B\u0102L\u0102NOAIA \u0218I ONCE\u0218TI INTERVEN\u021aIE DE"},"content":{"rendered":"\n<figure class=\"wp-block-embed is-type-video is-provider-youtube wp-block-embed-youtube wp-embed-aspect-16-9 wp-has-aspect-ratio\"><div class=\"wp-block-embed__wrapper\">\n<iframe loading=\"lazy\" title=\"INCENDIU DE VEGETA\u021aIE \u00ceNTRE B\u0102L\u0102NOAIA \u0218I ONCE\u0218TI   INTERVEN\u021aIE DE\" width=\"640\" height=\"360\" src=\"https:\/\/www.youtube.com\/embed\/vxUsUqsLBaE?feature=oembed\" frameborder=\"0\" allow=\"accelerometer; autoplay; clipboard-write; encrypted-media; gyroscope; picture-in-picture; web-share\" referrerpolicy=\"strict-origin-when-cross-origin\" allowfullscreen><\/iframe>\n<\/div><\/figure>\n\n\n\n<p>Zeci de hectare de vegeta\u021bie uscat\u0103, miri\u0219te \u0219i de\u0219euri au ars \u00eentre localit\u0103\u021bile B\u0103l\u0103noaia \u0219i Once\u0219ti. Fl\u0103c\u0103rile au atins chiar \u0219i 3 metri \u00een\u0103l\u021bime, iar pompierii s-au luptat cu focul timp de opt ore.<\/p>\n","protected":false},"excerpt":{"rendered":"<p>Zeci de hectare de vegeta\u021bie uscat\u0103, miri\u0219te \u0219i de\u0219euri au ars \u00eentre localit\u0103\u021bile B\u0103l\u0103noaia \u0219i Once\u0219ti. Fl\u0103c\u0103rile au atins chiar \u0219i 3 metri \u00een\u0103l\u021bime, iar pompierii s-au luptat cu focul timp de opt ore.<\/p>\n","protected":false},"author":8,"featured_media":16234,"comment_status":"closed","ping_status":"open","sticky":false,"template":"","format":"video","meta":{"footnotes":""},"categories":[2461,2,23],"tags":[],"class_list":["post-16232","post","type-post","status-publish","format-video","has-post-thumbnail","hentry","category-giurgiu","category-actualitate","category-stiri","post_format-post-format-video"],"_links":{"self":[{"href":"https:\/\/tvgiurgiu.ro\/index.php\/wp-json\/wp\/v2\/posts\/16232","targetHints":{"allow":["GET"]}}],"collection":[{"href":"https:\/\/tvgiurgiu.ro\/index.php\/wp-json\/wp\/v2\/posts"}],"about":[{"href":"https:\/\/tvgiurgiu.ro\/index.php\/wp-json\/wp\/v2\/types\/post"}],"author":[{"embeddable":true,"href":"https:\/\/tvgiurgiu.ro\/index.php\/wp-json\/wp\/v2\/users\/8"}],"replies":[{"embeddable":true,"href":"https:\/\/tvgiurgiu.ro\/index.php\/wp-json\/wp\/v2\/comments?post=16232"}],"version-history":[{"count":1,"href":"https:\/\/tvgiurgiu.ro\/index.php\/wp-json\/wp\/v2\/posts\/16232\/revisions"}],"predecessor-version":[{"id":16235,"href":"https:\/\/tvgiurgiu.ro\/index.php\/wp-json\/wp\/v2\/posts\/16232\/revisions\/16235"}],"wp:featuredmedia":[{"embeddable":true,"href":"https:\/\/tvgiurgiu.ro\/index.php\/wp-json\/wp\/v2\/media\/16234"}],"wp:attachment":[{"href":"https:\/\/tvgiurgiu.ro\/index.php\/wp-json\/wp\/v2\/media?parent=16232"}],"wp:term":[{"taxonomy":"category","embeddable":true,"href":"https:\/\/tvgiurgiu.ro\/index.php\/wp-json\/wp\/v2\/categories?post=16232"},{"taxonomy":"post_tag","embeddable":true,"href":"https:\/\/tvgiurgiu.ro\/index.php\/wp-json\/wp\/v2\/tags?post=16232"}],"curies":[{"name":"wp","href":"https:\/\/api.w.org\/{rel}","templated":true}]}}