{"id":16299,"date":"2025-09-09T11:40:03","date_gmt":"2025-09-09T08:40:03","guid":{"rendered":"https:\/\/tvgiurgiu.ro\/?p=16299"},"modified":"2025-09-09T11:40:05","modified_gmt":"2025-09-09T08:40:05","slug":"ilie-bolojan-despre-stadioanele-din-romania-nu-mai-facem-arene-goale-primariile-trebuie-sa-plateasca-o-parte-din-costuri","status":"publish","type":"post","link":"https:\/\/tvgiurgiu.ro\/index.php\/2025\/09\/09\/ilie-bolojan-despre-stadioanele-din-romania-nu-mai-facem-arene-goale-primariile-trebuie-sa-plateasca-o-parte-din-costuri\/","title":{"rendered":"Ilie Bolojan, despre stadioanele din Rom\u00e2nia: \u201eNu mai facem arene goale. Prim\u0103riile trebuie s\u0103 pl\u0103teasc\u0103 o parte din costuri\u201d"},"content":{"rendered":"\n<p>Premierul Ilie Bolojan a anun\u021bat schimb\u0103ri majore \u00een privin\u021ba investi\u021biilor \u00een stadioane. \u0218eful Guvernului spune c\u0103 proiectele nu vor mai fi finan\u021bate exclusiv de la bugetul de stat, ci \u0219i de c\u0103tre autorit\u0103\u021bile locale.<\/p>\n\n\n\n<p>\u201eDac\u0103 un stadion este cu adev\u0103rat important pentru o comunitate, atunci \u0219i autorit\u0103\u021bile locale trebuie s\u0103 \u00ee\u0219i asume o parte din cheltuieli. Nu mai putem ridica stadioane doar pentru c\u0103 d\u0103 bine electoral\u201d, a transmis premierul.<\/p>\n\n\n\n<p>Conform noilor reguli, prim\u0103riile vor trebui s\u0103 contribuie cu 15% p\u00e2n\u0103 la 25% din valoarea total\u0103 a proiectului, \u00een func\u021bie de capacitatea financiar\u0103.<\/p>\n\n\n\n<p>Totodat\u0103, Guvernul a decis s\u0103 suspende finan\u021barea pentru lucr\u0103rile care nu sunt realizate \u00een propor\u021bie de cel pu\u021bin 50%. Astfel, proiecte importante din Bucure\u0219ti, Timi\u0219oara, Constan\u021ba, Bra\u0219ov sau Hunedoara, \u00een valoare de peste 900 de milioane de euro, vor fi blocate cel pu\u021bin p\u00e2n\u0103 \u00een iulie 2026.<\/p>\n\n\n\n<p>Un exemplu este stadionul din Oradea, unde \u0219ansele \u00eenceperii lucr\u0103rilor \u00een 2025 sunt \u201espre zero\u201d, potrivit lui Bolojan.<\/p>\n\n\n\n<p>Premierul a criticat faptul c\u0103 \u00een Rom\u00e2nia s-au ridicat stadioane care r\u0103m\u00e2n \u00een mare parte neutilizate, fiind o povar\u0103 pentru bugetele publice.<\/p>\n\n\n\n<p><strong>Surse<\/strong>: <\/p>\n\n\n\n<p>MediaFax, G\u00e2ndul, Ziarul Financiar, Evenimentul Zilei<\/p>\n","protected":false},"excerpt":{"rendered":"<p>Premierul Ilie Bolojan a anun\u021bat schimb\u0103ri majore \u00een privin\u021ba investi\u021biilor \u00een stadioane. \u0218eful Guvernului spune c\u0103 proiectele nu vor mai fi finan\u021bate exclusiv de la bugetul de stat, ci \u0219i de c\u0103tre autorit\u0103\u021bile locale. \u201eDac\u0103 un stadion este cu adev\u0103rat important pentru o comunitate, atunci \u0219i autorit\u0103\u021bile locale trebuie s\u0103 \u00ee\u0219i asume o parte din [&hellip;]<\/p>\n","protected":false},"author":7,"featured_media":16300,"comment_status":"closed","ping_status":"open","sticky":false,"template":"","format":"standard","meta":{"footnotes":""},"categories":[1],"tags":[],"class_list":["post-16299","post","type-post","status-publish","format-standard","has-post-thumbnail","hentry","category-fara-categorie"],"_links":{"self":[{"href":"https:\/\/tvgiurgiu.ro\/index.php\/wp-json\/wp\/v2\/posts\/16299","targetHints":{"allow":["GET"]}}],"collection":[{"href":"https:\/\/tvgiurgiu.ro\/index.php\/wp-json\/wp\/v2\/posts"}],"about":[{"href":"https:\/\/tvgiurgiu.ro\/index.php\/wp-json\/wp\/v2\/types\/post"}],"author":[{"embeddable":true,"href":"https:\/\/tvgiurgiu.ro\/index.php\/wp-json\/wp\/v2\/users\/7"}],"replies":[{"embeddable":true,"href":"https:\/\/tvgiurgiu.ro\/index.php\/wp-json\/wp\/v2\/comments?post=16299"}],"version-history":[{"count":1,"href":"https:\/\/tvgiurgiu.ro\/index.php\/wp-json\/wp\/v2\/posts\/16299\/revisions"}],"predecessor-version":[{"id":16301,"href":"https:\/\/tvgiurgiu.ro\/index.php\/wp-json\/wp\/v2\/posts\/16299\/revisions\/16301"}],"wp:featuredmedia":[{"embeddable":true,"href":"https:\/\/tvgiurgiu.ro\/index.php\/wp-json\/wp\/v2\/media\/16300"}],"wp:attachment":[{"href":"https:\/\/tvgiurgiu.ro\/index.php\/wp-json\/wp\/v2\/media?parent=16299"}],"wp:term":[{"taxonomy":"category","embeddable":true,"href":"https:\/\/tvgiurgiu.ro\/index.php\/wp-json\/wp\/v2\/categories?post=16299"},{"taxonomy":"post_tag","embeddable":true,"href":"https:\/\/tvgiurgiu.ro\/index.php\/wp-json\/wp\/v2\/tags?post=16299"}],"curies":[{"name":"wp","href":"https:\/\/api.w.org\/{rel}","templated":true}]}}