{"id":16315,"date":"2025-09-11T06:23:06","date_gmt":"2025-09-11T03:23:06","guid":{"rendered":"https:\/\/tvgiurgiu.ro\/?p=16315"},"modified":"2025-09-11T06:23:07","modified_gmt":"2025-09-11T03:23:07","slug":"focar-de-pesta-porcina-africana-confirmat-la-buturugeni","status":"publish","type":"post","link":"https:\/\/tvgiurgiu.ro\/index.php\/2025\/09\/11\/focar-de-pesta-porcina-africana-confirmat-la-buturugeni\/","title":{"rendered":"Focar de pest\u0103 porcin\u0103 african\u0103 confirmat la Buturugeni.\u00a0"},"content":{"rendered":"\n<p>Ieri, la sediul Prefecturii Giurgiu, a avut loc o \u0219edin\u021b\u0103 a Centrului Local de Combatere a Bolilor (CLCB), condus\u0103 de autorit\u0103\u021bile jude\u021bene, \u00een cadrul c\u0103reia au fost analizate \u0219i aprobate m\u0103surile necesare pentru combaterea unui focar de Pest\u0103 Porcin\u0103 African\u0103 confirmat \u00eentr-o exploata\u021bie din localitatea Buturugeni.<\/p>\n\n\n\n<figure class=\"wp-block-image size-large\"><img loading=\"lazy\" decoding=\"async\" width=\"1024\" height=\"768\" src=\"https:\/\/tvgiurgiu.ro\/wp-content\/uploads\/2025\/09\/IMG_6856-1-1024x768.jpeg\" alt=\"\" class=\"wp-image-16317\" srcset=\"https:\/\/tvgiurgiu.ro\/wp-content\/uploads\/2025\/09\/IMG_6856-1-1024x768.jpeg 1024w, https:\/\/tvgiurgiu.ro\/wp-content\/uploads\/2025\/09\/IMG_6856-1-300x225.jpeg 300w, https:\/\/tvgiurgiu.ro\/wp-content\/uploads\/2025\/09\/IMG_6856-1-768x576.jpeg 768w, https:\/\/tvgiurgiu.ro\/wp-content\/uploads\/2025\/09\/IMG_6856-1-1536x1152.jpeg 1536w, https:\/\/tvgiurgiu.ro\/wp-content\/uploads\/2025\/09\/IMG_6856-1.jpeg 2048w\" sizes=\"auto, (max-width: 1024px) 100vw, 1024px\" \/><\/figure>\n\n\n\n<p>Membrii Unit\u0103\u021bii Locale de Decizie au adoptat \u201eProgramul de m\u0103suri privind combaterea focarului\u201d, document ce stabile\u0219te ac\u021biunile ce trebuie aplicate at\u00e2t pe proprietatea afectat\u0103, c\u00e2t \u0219i \u00een zonele de restric\u021bie instituite \u00een jurul acesteia.<\/p>\n\n\n\n<p>Tot \u00een cadrul \u0219edin\u021bei, a fost aprobat\u0103 \u0219i utilizarea unei metode alternative de neutralizare a porcilor mor\u021bi sau sacrifica\u021bi, prin \u00eengropare. Decizia a fost luat\u0103 \u00eentruc\u00e2t jude\u021bul Giurgiu nu are \u00een prezent un contract activ cu o societate de ecarisare \u0219i nu exist\u0103 posibilitatea inciner\u0103rii cadavrelor.<\/p>\n\n\n\n<p>Autorit\u0103\u021bile sanitar-veterinare atrag aten\u021bia c\u0103 aceste m\u0103suri sunt esen\u021biale pentru a limita r\u0103sp\u00e2ndirea bolii \u0219i pentru a proteja celelalte exploata\u021bii din zon\u0103. De asemenea, popula\u021bia este rugat\u0103 s\u0103 respecte restric\u021biile impuse \u0219i s\u0103 colaboreze cu institu\u021biile abilitate.<\/p>\n\n\n\n<p>Pesta Porcin\u0103 African\u0103 nu se transmite la om, dar produce pierderi economice importante \u0219i duce la sacrificarea efectivelor de porcine din fermele \u0219i gospod\u0103riile unde este depistat\u0103.<\/p>\n","protected":false},"excerpt":{"rendered":"<p>Ieri, la sediul Prefecturii Giurgiu, a avut loc o \u0219edin\u021b\u0103 a Centrului Local de Combatere a Bolilor (CLCB), condus\u0103 de autorit\u0103\u021bile jude\u021bene, \u00een cadrul c\u0103reia au fost analizate \u0219i aprobate m\u0103surile necesare pentru combaterea unui focar de Pest\u0103 Porcin\u0103 African\u0103 confirmat \u00eentr-o exploata\u021bie din localitatea Buturugeni. Membrii Unit\u0103\u021bii Locale de Decizie au adoptat \u201eProgramul de [&hellip;]<\/p>\n","protected":false},"author":7,"featured_media":16316,"comment_status":"closed","ping_status":"open","sticky":false,"template":"","format":"standard","meta":{"footnotes":""},"categories":[2],"tags":[2559],"class_list":["post-16315","post","type-post","status-publish","format-standard","has-post-thumbnail","hentry","category-actualitate","tag-focar-de-pesta-porcina-africana-confirmat-la-buturugeni"],"_links":{"self":[{"href":"https:\/\/tvgiurgiu.ro\/index.php\/wp-json\/wp\/v2\/posts\/16315","targetHints":{"allow":["GET"]}}],"collection":[{"href":"https:\/\/tvgiurgiu.ro\/index.php\/wp-json\/wp\/v2\/posts"}],"about":[{"href":"https:\/\/tvgiurgiu.ro\/index.php\/wp-json\/wp\/v2\/types\/post"}],"author":[{"embeddable":true,"href":"https:\/\/tvgiurgiu.ro\/index.php\/wp-json\/wp\/v2\/users\/7"}],"replies":[{"embeddable":true,"href":"https:\/\/tvgiurgiu.ro\/index.php\/wp-json\/wp\/v2\/comments?post=16315"}],"version-history":[{"count":2,"href":"https:\/\/tvgiurgiu.ro\/index.php\/wp-json\/wp\/v2\/posts\/16315\/revisions"}],"predecessor-version":[{"id":16319,"href":"https:\/\/tvgiurgiu.ro\/index.php\/wp-json\/wp\/v2\/posts\/16315\/revisions\/16319"}],"wp:featuredmedia":[{"embeddable":true,"href":"https:\/\/tvgiurgiu.ro\/index.php\/wp-json\/wp\/v2\/media\/16316"}],"wp:attachment":[{"href":"https:\/\/tvgiurgiu.ro\/index.php\/wp-json\/wp\/v2\/media?parent=16315"}],"wp:term":[{"taxonomy":"category","embeddable":true,"href":"https:\/\/tvgiurgiu.ro\/index.php\/wp-json\/wp\/v2\/categories?post=16315"},{"taxonomy":"post_tag","embeddable":true,"href":"https:\/\/tvgiurgiu.ro\/index.php\/wp-json\/wp\/v2\/tags?post=16315"}],"curies":[{"name":"wp","href":"https:\/\/api.w.org\/{rel}","templated":true}]}}