{"id":2046,"date":"2021-01-22T11:30:21","date_gmt":"2021-01-22T11:30:21","guid":{"rendered":"https:\/\/tvgiurgiu.ro\/?p=2046"},"modified":"2021-01-22T11:35:23","modified_gmt":"2021-01-22T11:35:23","slug":"se-micsoreaza-numarul-elevilor-in-clasa","status":"publish","type":"post","link":"https:\/\/tvgiurgiu.ro\/index.php\/2021\/01\/22\/se-micsoreaza-numarul-elevilor-in-clasa\/","title":{"rendered":"Se mic\u0219oreaz\u0103 num\u0103rul elevilor \u00een clas\u0103!"},"content":{"rendered":"<p class=\"rtejustify\">Ministrul Educa\u021biei, Sorin Mihai C\u00eempeanu, a decis c\u0103 num\u0103rul de elevi \u00een clasele de \u00eenceput de ciclu, \u00een \u00eenv\u0103\u0163\u0103m\u00e2ntul liceal cu frecven\u021b\u0103 &#8211; zi, se va reduce:<\/p>\n<p class=\"rtejustify\">&#8211;\u00a0<strong>de la 28 la 24 de elevi \u00een clas\u0103<\/strong>\u00a0pentru filiera tehnologic\u0103 \u0219i \u00eenv\u0103\u021b\u0103m\u00e2ntul profesional, inclusiv dual, precum \u015fi pentru filiera voca\u021bional\u0103 &#8211; profil sportiv, teologic, pedagogic \u015fi \u00eenv\u0103\u021b\u0103m\u00e2ntul liceal de art\u0103;<\/p>\n<p class=\"rtejustify\">&#8211;\u00a0<strong>de la 28 la 26 de elevi<\/strong>\u00a0\u00een clas\u0103 pentru filiera teoretic\u0103.<\/p>\n<p class=\"rtejustify\">Joi, 21 ianuarie 2021, a fost transmis la Monitorul Oficial ordinul de ministru pentru aprobarea Metodologiei privind fundamentarea cifrei de \u0219colarizare pentru \u00eenv\u0103\u021b\u0103m\u00e2ntul preuniversitar de stat, eviden\u021ba efectivelor de pre\u0219colari \u0219i elevi \u0219colariza\u021bi \u00een unit\u0103\u021bile de \u00eenv\u0103\u021b\u0103m\u00e2nt particular, precum \u0219i emiterea avizului conform \u00een vederea organiz\u0103rii re\u021belei unit\u0103\u021bilor de \u00eenv\u0103\u021b\u0103m\u00e2nt preuniversitar pentru anul \u0219colar 2021-2022. Astfel, decizia de ast\u0103zi modific\u0103 ordinul de ministru nr. 5.599\/2020.<\/p>\n<p class=\"rtejustify\">Av\u00e2nd \u00een vedere modific\u0103rile promovate, activit\u0103\u021bile specifice mobilit\u0103\u0163ii personalului didactic de predare din \u00eenv\u0103\u0163\u0103m\u00e2ntul preuniversitar (privind constituirea, \u00eencadrarea \u015fi vacantarea posturilor didactice\/catedrelor din unit\u0103\u0163ile de \u00eenv\u0103\u0163\u0103m\u00e2nt preuniversitar) au fost decalate corespunz\u0103tor.<\/p>\n<p class=\"rtejustify\">Astfel, inspectoratele \u015fcolare vor transmite p\u00e2n\u0103 la data de 1 februarie 2021, la Ministerul Educa\u0163iei, proiectele planurilor de \u0219colarizare revizuite conform noilor reglement\u0103ri, \u00een vederea fundament\u0103rii cifrei de \u0219colarizare pentru \u00eenv\u0103\u021b\u0103m\u00e2ntul preuniversitar de stat.<\/p>\n<p class=\"rtejustify\">Aceast\u0103 m\u0103sur\u0103 se constituie \u00eentr-un pas concret \u00een direc\u021bia\u00a0<em>Rom\u00e2niei Educate<\/em>.<\/p>\n","protected":false},"excerpt":{"rendered":"<p>Ministrul Educa\u021biei, Sorin Mihai C\u00eempeanu, a decis c\u0103 num\u0103rul de elevi \u00een clasele de \u00eenceput de ciclu, \u00een \u00eenv\u0103\u0163\u0103m\u00e2ntul liceal cu frecven\u021b\u0103 &#8211; zi, se va reduce: &#8211;\u00a0de la 28 la 24 de elevi \u00een clas\u0103\u00a0pentru filiera tehnologic\u0103 \u0219i \u00eenv\u0103\u021b\u0103m\u00e2ntul profesional, inclusiv dual, precum \u015fi pentru filiera voca\u021bional\u0103 &#8211; profil sportiv, teologic, pedagogic \u015fi \u00eenv\u0103\u021b\u0103m\u00e2ntul [&hellip;]<\/p>\n","protected":false},"author":1,"featured_media":2047,"comment_status":"open","ping_status":"open","sticky":false,"template":"","format":"standard","meta":{"footnotes":""},"categories":[2,23],"tags":[],"class_list":["post-2046","post","type-post","status-publish","format-standard","has-post-thumbnail","hentry","category-actualitate","category-stiri"],"_links":{"self":[{"href":"https:\/\/tvgiurgiu.ro\/index.php\/wp-json\/wp\/v2\/posts\/2046","targetHints":{"allow":["GET"]}}],"collection":[{"href":"https:\/\/tvgiurgiu.ro\/index.php\/wp-json\/wp\/v2\/posts"}],"about":[{"href":"https:\/\/tvgiurgiu.ro\/index.php\/wp-json\/wp\/v2\/types\/post"}],"author":[{"embeddable":true,"href":"https:\/\/tvgiurgiu.ro\/index.php\/wp-json\/wp\/v2\/users\/1"}],"replies":[{"embeddable":true,"href":"https:\/\/tvgiurgiu.ro\/index.php\/wp-json\/wp\/v2\/comments?post=2046"}],"version-history":[{"count":0,"href":"https:\/\/tvgiurgiu.ro\/index.php\/wp-json\/wp\/v2\/posts\/2046\/revisions"}],"wp:featuredmedia":[{"embeddable":true,"href":"https:\/\/tvgiurgiu.ro\/index.php\/wp-json\/wp\/v2\/media\/2047"}],"wp:attachment":[{"href":"https:\/\/tvgiurgiu.ro\/index.php\/wp-json\/wp\/v2\/media?parent=2046"}],"wp:term":[{"taxonomy":"category","embeddable":true,"href":"https:\/\/tvgiurgiu.ro\/index.php\/wp-json\/wp\/v2\/categories?post=2046"},{"taxonomy":"post_tag","embeddable":true,"href":"https:\/\/tvgiurgiu.ro\/index.php\/wp-json\/wp\/v2\/tags?post=2046"}],"curies":[{"name":"wp","href":"https:\/\/api.w.org\/{rel}","templated":true}]}}