{"id":2350,"date":"2021-02-03T08:49:50","date_gmt":"2021-02-03T08:49:50","guid":{"rendered":"https:\/\/tvgiurgiu.ro\/?p=2350"},"modified":"2021-02-03T08:49:50","modified_gmt":"2021-02-03T08:49:50","slug":"193-573-de-angajati-din-sistemul-national-de-invatamant-isi-declara-disponibilitatea-de-vaccinare","status":"publish","type":"post","link":"https:\/\/tvgiurgiu.ro\/index.php\/2021\/02\/03\/193-573-de-angajati-din-sistemul-national-de-invatamant-isi-declara-disponibilitatea-de-vaccinare\/","title":{"rendered":"193.573 de angaja\u021bi din sistemul na\u021bional de \u00eenv\u0103\u021b\u0103m\u00e2nt \u00ee\u0219i declar\u0103 disponibilitatea de vaccinare"},"content":{"rendered":"<p class=\"rtejustify\">Ministerul Educa\u021biei face publice rezultatele cu privire la disponibilitatea de vaccinare a personalului din \u00eenv\u0103\u0163\u0103m\u00e2nt. P\u00e2n\u0103 \u00een momentul de fa\u021b\u0103, la nivelul \u00eenv\u0103\u021b\u0103m\u00e2ntului preuniversitar, 50,3% dintre angaja\u021bi au declarat disponibilitatea de vaccinare raportat la totalul de 292.872 de angaja\u021bi \u00een sistemul de \u00eenv\u0103\u021b\u0103m\u00e2nt preuniversitar. \u00cen sistemul de \u00eenv\u0103\u021b\u0103m\u00e2nt universitar, procentul disponibilit\u0103\u021bii de vaccinare este de cca. 77% (raportat la totalul de 60.389 de angaja\u021bi \u00een sistemul de \u00eenv\u0103\u021b\u0103m\u00e2nt superior, personal titular \u0219i asociat).<\/p>\n<p class=\"rtejustify\">Num\u0103rul angaja\u021bilor din sistemul de \u00eenv\u0103\u021b\u0103m\u00e2nt care \u0219i-au declarat disponibilitatea de vaccinare (inclusiv cei deja vaccina\u021bi p\u00e2n\u0103 la data de 1 februarie 2020) este de 193.573 de persoane (147.314 persoane din sistemul de \u00eenv\u0103\u021b\u0103m\u00e2nt preuniversitar \u0219i 46.259 &#8211; personal din sistemul de \u00eenv\u0103\u021b\u0103m\u00e2nt universitar).<\/p>\n<p class=\"rtejustify\"><strong>Num\u0103rul angaja\u021bilor din sistemul de educa\u021bie deja vaccina\u021bi cel pu\u021bin cu prima doz\u0103 este de 27.033, reprezent\u00e2nd 14% din angaja\u021bii cu disponibilitate de vaccinare (17.357 din sistemul de \u00eenv\u0103\u021b\u0103m\u00e2nt preuniversitar \u0219i 9.676 din sistemul de \u00eenv\u0103\u021b\u0103m\u00e2nt universitar, inclusiv cadrele didactice din \u00eenv\u0103\u021b\u0103m\u00e2ntul superior medical).\u00a0<\/strong><\/p>\n","protected":false},"excerpt":{"rendered":"<p>Ministerul Educa\u021biei face publice rezultatele cu privire la disponibilitatea de vaccinare a personalului din \u00eenv\u0103\u0163\u0103m\u00e2nt. P\u00e2n\u0103 \u00een momentul de fa\u021b\u0103, la nivelul \u00eenv\u0103\u021b\u0103m\u00e2ntului preuniversitar, 50,3% dintre angaja\u021bi au declarat disponibilitatea de vaccinare raportat la totalul de 292.872 de angaja\u021bi \u00een sistemul de \u00eenv\u0103\u021b\u0103m\u00e2nt preuniversitar. \u00cen sistemul de \u00eenv\u0103\u021b\u0103m\u00e2nt universitar, procentul disponibilit\u0103\u021bii de vaccinare este de [&hellip;]<\/p>\n","protected":false},"author":1,"featured_media":2351,"comment_status":"open","ping_status":"open","sticky":false,"template":"","format":"standard","meta":{"footnotes":""},"categories":[2,23],"tags":[],"class_list":["post-2350","post","type-post","status-publish","format-standard","has-post-thumbnail","hentry","category-actualitate","category-stiri"],"_links":{"self":[{"href":"https:\/\/tvgiurgiu.ro\/index.php\/wp-json\/wp\/v2\/posts\/2350","targetHints":{"allow":["GET"]}}],"collection":[{"href":"https:\/\/tvgiurgiu.ro\/index.php\/wp-json\/wp\/v2\/posts"}],"about":[{"href":"https:\/\/tvgiurgiu.ro\/index.php\/wp-json\/wp\/v2\/types\/post"}],"author":[{"embeddable":true,"href":"https:\/\/tvgiurgiu.ro\/index.php\/wp-json\/wp\/v2\/users\/1"}],"replies":[{"embeddable":true,"href":"https:\/\/tvgiurgiu.ro\/index.php\/wp-json\/wp\/v2\/comments?post=2350"}],"version-history":[{"count":0,"href":"https:\/\/tvgiurgiu.ro\/index.php\/wp-json\/wp\/v2\/posts\/2350\/revisions"}],"wp:featuredmedia":[{"embeddable":true,"href":"https:\/\/tvgiurgiu.ro\/index.php\/wp-json\/wp\/v2\/media\/2351"}],"wp:attachment":[{"href":"https:\/\/tvgiurgiu.ro\/index.php\/wp-json\/wp\/v2\/media?parent=2350"}],"wp:term":[{"taxonomy":"category","embeddable":true,"href":"https:\/\/tvgiurgiu.ro\/index.php\/wp-json\/wp\/v2\/categories?post=2350"},{"taxonomy":"post_tag","embeddable":true,"href":"https:\/\/tvgiurgiu.ro\/index.php\/wp-json\/wp\/v2\/tags?post=2350"}],"curies":[{"name":"wp","href":"https:\/\/api.w.org\/{rel}","templated":true}]}}