{"id":2369,"date":"2021-02-03T11:02:52","date_gmt":"2021-02-03T11:02:52","guid":{"rendered":"https:\/\/tvgiurgiu.ro\/?p=2369"},"modified":"2021-02-03T11:02:52","modified_gmt":"2021-02-03T11:02:52","slug":"actiuni-pentru-prevenirea-raspandirii-sars-cov-2","status":"publish","type":"post","link":"https:\/\/tvgiurgiu.ro\/index.php\/2021\/02\/03\/actiuni-pentru-prevenirea-raspandirii-sars-cov-2\/","title":{"rendered":"AC\u021aIUNI PENTRU PREVENIREA R\u0102SP\u00c2NDIRII SARS-COV-2"},"content":{"rendered":"<p><strong><em>\u00cen ultimele 24 de ore, Poli\u021bia Rom\u00e2n\u0103, \u00eempreun\u0103 cu reprezentan\u021bi ai celorlalte autorit\u0103\u021bi cu atribu\u021bii \u00een domeniu, au continuat ac\u021biunile pentru limitarea r\u0103sp\u00e2ndirii virusului COVID-19.<\/em><\/strong><\/p>\n<p>&nbsp;<\/p>\n<p>Peste 7.000 de poli\u021bi\u0219ti, \u00eempreun\u0103 cu jandarmi, poli\u021bi\u0219ti de frontier\u0103, cadre ISU, poli\u021bi\u0219ti locali, reprezentan\u021bi ai ANSVSA, ANPC, Ministerului S\u0103n\u0103t\u0103\u021bii, Ministerului Muncii \u0219i Protec\u021biei Sociale, Ministerului Transporturilor \u0219i ai autorit\u0103\u021bilor publice locale, au desf\u0103\u0219urat 830 de ac\u021biuni de verificare a modului \u00een care se respect\u0103 m\u0103surile de protec\u021bie sanitar\u0103 la nivel na\u021bional.<\/p>\n<p>Au fost efectuate 60.108 verific\u0103ri cu privire la respectarea m\u0103surilor \u015fi interdic\u021biilor impuse.<\/p>\n<p>\u00cen urma ac\u021biunilor punctuale de control, au fost aplicate 4.084 de sanc\u021biuni contraven\u021bionale, \u00een valoare de 742.085 de lei.<\/p>\n<p>\u00cen continuare, principalul obiectiv al ac\u021biunilor Poli\u021biei Rom\u00e2ne \u00een contextul pandemiei vizeaz\u0103 protejarea s\u0103n\u0103t\u0103\u021bii rom\u00e2nilor.<\/p>\n<p>Poli\u021bi\u0219tii se afl\u0103 permanent la datorie \u0219i vor interveni cu fermitate \u00een toate situa\u021biile \u00een care legea este \u00eenc\u0103lcat\u0103.<\/p>\n<p>Exemplu<\/p>\n<p>Maramure\u0219<\/p>\n<p>La data de\u00a0 2 februarie, ora 23:30, poli\u021bi\u0219tii din Maramure\u0219 au fost sesiza\u021bi cu privire la faptul c\u0103, \u00een localitatea C\u0103rbunar, la un local, se desf\u0103\u0219oar\u0103 o petrecere, cu participarea mai multor persoane.<\/p>\n<p>La fa\u021ba locului, au fost identificate 10 persoane, care participau la petrecerea privat\u0103 organizat\u0103 de un t\u00e2n\u0103r, de 21 de ani.<\/p>\n<p>Poli\u021bi\u0219tii au aplicat 10 sanc\u021biuni contraven\u021bionale, \u00een valoare total\u0103 de 2.000 de lei.<\/p>\n<p>S\u0103n\u0103tatea \u0219i siguran\u021ba cet\u0103\u021benilor sunt prioritare tuturor institu\u021biilor cu atribu\u021bii \u00een domeniul ordinii \u0219i siguran\u021bei publice.<\/p>\n<p><em>\u00a0<\/em>Reamintim faptul c\u0103, \u00een aceast\u0103 perioad\u0103, este interzis\u0103\u00a0 organizarea\u00a0 de evenimente private (nun\u021bi, botezuri, mese festive), at\u00e2t \u00een spa\u021bii deschise, c\u00e2t \u0219i \u00een cele \u00eenchise (saloane, \u00a0restaurante, baruri,\u00a0 s\u0103li de evenimente etc.).<\/p>\n<p>Pentru siguran\u021ba tuturor, recomand\u0103m cet\u0103\u021benilor s\u0103 respecte prevederile legale pentru prevenirea r\u0103sp\u00e2ndirii pandemiei de Covid-19.<\/p>\n<p>&nbsp;<\/p>\n<p>&#8211;<\/p>\n<p><strong>CENTRUL DE INFORMARE \u015eI RELA\u0162II PUBLICE<\/strong><\/p>\n<p>Bucure\u015fti, Str. Mihai Vod\u0103, nr. 6, sector 5, Rom\u00e2nia<\/p>\n<p>Tel: +4 021.316.66.65<\/p>\n<p><a href=\"http:\/\/www.politiaromana.ro\" target=\"_blank\" rel=\"noopener\">www.politiaromana.ro<\/a><\/p>\n<p><a href=\"https:\/\/www.facebook.com\/www.politiaromana.ro\/\" target=\"_blank\" rel=\"noopener\">https:\/\/www.facebook.com\/www.politiaromana.ro\/<\/a><\/p>\n","protected":false},"excerpt":{"rendered":"<p>\u00cen ultimele 24 de ore, Poli\u021bia Rom\u00e2n\u0103, \u00eempreun\u0103 cu reprezentan\u021bi ai celorlalte autorit\u0103\u021bi cu atribu\u021bii \u00een domeniu, au continuat ac\u021biunile pentru limitarea r\u0103sp\u00e2ndirii virusului COVID-19. &nbsp; Peste 7.000 de poli\u021bi\u0219ti, \u00eempreun\u0103 cu jandarmi, poli\u021bi\u0219ti de frontier\u0103, cadre ISU, poli\u021bi\u0219ti locali, reprezentan\u021bi ai ANSVSA, ANPC, Ministerului S\u0103n\u0103t\u0103\u021bii, Ministerului Muncii \u0219i Protec\u021biei Sociale, Ministerului Transporturilor \u0219i ai [&hellip;]<\/p>\n","protected":false},"author":1,"featured_media":2370,"comment_status":"open","ping_status":"open","sticky":false,"template":"","format":"standard","meta":{"footnotes":""},"categories":[2],"tags":[],"class_list":["post-2369","post","type-post","status-publish","format-standard","has-post-thumbnail","hentry","category-actualitate"],"_links":{"self":[{"href":"https:\/\/tvgiurgiu.ro\/index.php\/wp-json\/wp\/v2\/posts\/2369","targetHints":{"allow":["GET"]}}],"collection":[{"href":"https:\/\/tvgiurgiu.ro\/index.php\/wp-json\/wp\/v2\/posts"}],"about":[{"href":"https:\/\/tvgiurgiu.ro\/index.php\/wp-json\/wp\/v2\/types\/post"}],"author":[{"embeddable":true,"href":"https:\/\/tvgiurgiu.ro\/index.php\/wp-json\/wp\/v2\/users\/1"}],"replies":[{"embeddable":true,"href":"https:\/\/tvgiurgiu.ro\/index.php\/wp-json\/wp\/v2\/comments?post=2369"}],"version-history":[{"count":0,"href":"https:\/\/tvgiurgiu.ro\/index.php\/wp-json\/wp\/v2\/posts\/2369\/revisions"}],"wp:featuredmedia":[{"embeddable":true,"href":"https:\/\/tvgiurgiu.ro\/index.php\/wp-json\/wp\/v2\/media\/2370"}],"wp:attachment":[{"href":"https:\/\/tvgiurgiu.ro\/index.php\/wp-json\/wp\/v2\/media?parent=2369"}],"wp:term":[{"taxonomy":"category","embeddable":true,"href":"https:\/\/tvgiurgiu.ro\/index.php\/wp-json\/wp\/v2\/categories?post=2369"},{"taxonomy":"post_tag","embeddable":true,"href":"https:\/\/tvgiurgiu.ro\/index.php\/wp-json\/wp\/v2\/tags?post=2369"}],"curies":[{"name":"wp","href":"https:\/\/api.w.org\/{rel}","templated":true}]}}