{"id":2446,"date":"2021-02-08T06:59:39","date_gmt":"2021-02-08T06:59:39","guid":{"rendered":"https:\/\/tvgiurgiu.ro\/?p=2446"},"modified":"2021-02-08T06:59:39","modified_gmt":"2021-02-08T06:59:39","slug":"se-intampla-in-romania-ministrul-energiei-a-primit-o-factura-de-900-de-lei-de-la-distribuitor-in-apartament-nu-a-stat-nimeni","status":"publish","type":"post","link":"https:\/\/tvgiurgiu.ro\/index.php\/2021\/02\/08\/se-intampla-in-romania-ministrul-energiei-a-primit-o-factura-de-900-de-lei-de-la-distribuitor-in-apartament-nu-a-stat-nimeni\/","title":{"rendered":"Se \u00eent\u00e2mpl\u0103 \u00een Rom\u00e2nia: ministrul Energiei a primit o factur\u0103 de 900 de lei de la distribuitor. \u201d\u00cen apartament nu a stat nimeni\u201d"},"content":{"rendered":"<p>Facturile exorbitante pare c\u0103 sunt emise \u0219i la case mai mari, nu la consumatorii obi\u0219nui\u021bi. Astfel, ministrul Energiei a primit o factur\u0103 de 900 de lei, o sum\u0103 uria\u0219\u0103, av\u00e2nd \u00een vedere faptul c\u0103 acesta a declarat c\u0103 la acea adres\u0103, nu locuie\u0219te nimeni.<\/p>\n<h2>Ministrul Energiei a primit o factur\u0103 uria\u0219\u0103<\/h2>\n<p>Foarte mul\u021bi cet\u0103\u021beni se pl\u00e2ng de facturile uria\u0219e care le ajung lunar \u00een cutiile po\u0219tale sau prin intermediul e-mailului. De aceast\u0103 dat\u0103, o astfel de factur\u0103 a fost emis\u0103 ministrului Energie, Virgil Popescu. Total nemul\u021bumit de suma ap\u0103rut\u0103 pe factur\u0103, Virgil Popescu a luat \u00een nvizor distribuitorii de energie electric\u0103.<\/p>\n<p>Nemul\u021bumirea ministrului const\u0103 \u00een faptul c\u0103 practica acestor distribuitori este de a calcula consumul estimat. Din p\u0103cate, trebuie s\u0103 se \u00eent\u00e2mple lucruri la acest nivel, pentru a depisa neregulile din mai multe domenii. Virgil Popescu sus\u021bine c\u0103 prin modul de estimare al furnizorilor, se estimeaz\u0103 consumuri mai mari dec\u00e2t se efectueaz\u0103. Acest lucru duce la facturi mult prea mari pentru clien\u021bi.<\/p>\n<blockquote><p>\u201eM-am trezit cu o factur\u0103 pentru luna ianuarie, care probabil, dac\u0103 nu era a\u015fa de mare, o pl\u0103team \u015fi nici nu sesizam. 9 milioane \u015fi ceva de lei (lei vechi \u2013 n.r.)! \u015ei c\u00e2nd m-am uitat pe factur\u0103, aveam un consum estimat de 1.500 de kW, \u00een condi\u0163iile \u00een care \u00een apartament acolo nu mai st\u0103 nimeni, b\u0103iatul lucreaz\u0103 \u00een telemunc\u0103 \u015fi nu st\u0103 \u00een Bucure\u015fti, lucreaz\u0103 de acas\u0103, din Severin\u201d, a povestit ministrul energiei \u00eentr-un inteviu pentru\u00a0<a class=\"ari-fancybox\" href=\"https:\/\/www.youtube.com\/watch?v=f8nL614BpVg\" target=\"_blank\" rel=\"noopener noreferrer\">ziare.com<\/a>.<\/p><\/blockquote>\n<figure id=\"attachment_135480\" class=\"wp-caption aligncenter\" aria-labelledby=\"figcaption_attachment_135480\"><img loading=\"lazy\" decoding=\"async\" class=\"size-large wp-image-135480\" src=\"https:\/\/www.impact.ro\/wp-content\/uploads\/2021\/02\/Ministrul-Energiei-a-afirmat-ca-a-primit-reclamatii-in-numele-tututor-furnizorilor-1024x576.jpg\" alt=\"Ministrul Energiei a afirmat c\u0103 a primit reclama\u021bii \u00een numele tututor furnizorilor\" width=\"1024\" height=\"576\" \/><figcaption id=\"figcaption_attachment_135480\" class=\"wp-caption-text\">Ministrul Energiei a afirmat c\u0103 a primit reclama\u021bii \u00een numele tututor furnizorilor<\/figcaption><\/figure>\n<h2>\u00a0Furnizorii lucreaz\u0103 \u00eempreun\u0103 cu distribuitorii<\/h2>\n<p>Scandalizat de aceast\u0103 practic\u0103, Virgil Popescu,\u00a0<a href=\"https:\/\/www.playsport.ro\/schimbare-istorica-la-inter-milano-ce-masuri-ia-clubul-ca-sa-se-salveze-de-la-faliment-4935\" target=\"_blank\" rel=\"noopener noreferrer\">a hot\u0103r\u00e2t s\u0103 ia m\u0103suri<\/a>\u00a0pentru a echilibra situa\u021bia.\u00a0<a href=\"https:\/\/www.impact.ro\/metoda-prin-care-clientii-electrica-pot-incheia-contracte-pe-piata-concurentiala-au-nevoie-doar-de-un-singur-lucru-126609.html\" target=\"_blank\" rel=\"noopener noreferrer\">Ministrul Energiei a afirmat c\u0103<\/a>\u00a0a primit reclama\u021bii \u00een numele tututor furnizorilor, totodat\u0103 a men\u021bionat c\u0103 a fost nevoit s\u0103 pl\u0103teasc\u0103 factura respectiv\u0103.<\/p>\n<blockquote><p>\u201ePractic, furnizorii \u00eempreun\u0103 cu distribuitorii \u00eencarc\u0103 facturile rom\u00e2nilor prin estim\u0103ri mai mari \u00een aceast\u0103 perioad\u0103 de iarn\u0103, urm\u00e2nd ca ulterior, dup\u0103 o lun\u0103, dou\u0103, trei, patru, cinci, \u00een func\u0163ie de consumul fiec\u0103ruia, s\u0103-\u015fi recupereze banii. Practic, se finan\u0163eaz\u0103 pe banii rom\u00e2nilor f\u0103r\u0103 dob\u00e2nd\u0103, dup\u0103 p\u0103rerea mea complet \u00een afara oric\u0103rui cadru legal\u201d, a ad\u0103ugat Virgil Popescu.<\/p><\/blockquote>\n<p>Cu at\u00e2t mai mult, Virgil Popescu consider\u0103 c\u0103 aceasta reprezint\u0103 o escrocherie pentru c\u0103 nu i se pare normal ca furnizorii s\u0103 treac\u0103 anumite consumuri estimate, mai ales c\u0103 sunt raportate la consumurile din anii anteriori.<\/p>\n<blockquote><p>\u201cAm primit mai multe sesiz\u0103ri de la oameni. Vreau s\u0103 trag un semnal de alarm\u0103 pe care l-am p\u0103\u021bit eu, pe care l-am v\u0103zut \u0219i pe alte facturi. Exist\u0103 anumi\u021bi furnizori care au \u0219i distribu\u021bie, care am v\u0103zut ca trec consumuri estimate foarte mari. Pun\u00e2nd consumuri estimate foarte mari, factura va veni mai mare, practic iau ni\u0219te bani \u00een avans pentru un consum care nu exist\u0103, se folosesc de bani oamenilor. \u00cei rog pe cei de la ANRE \u0219i pe cei de la ANPC s\u0103 se verifice aceste lucruri.<\/p>\n<p>Nu se poate s\u0103 se \u00eencarce facturile rom\u00e2nilor pe consumuri estimate care nu au nicio leg\u0103tur\u0103 cu consumurile f\u0103cute \u00een anii preceden\u021bi, care ar trebui s\u0103 aprecieze ce a consumat clientul \u00eentr-o perioad\u0103 asem\u0103n\u0103toare. Este o form\u0103 de escrocherie, exist\u0103 amenzi pentru a\u0219a ceva. Mi se pare c\u0103 este o \u00een\u0219el\u0103torie pe care distribuitorii cu furnizorii o practic\u0103\u201d a declarat Virgil Popescu<\/p><\/blockquote>\n","protected":false},"excerpt":{"rendered":"<p>Facturile exorbitante pare c\u0103 sunt emise \u0219i la case mai mari, nu la consumatorii obi\u0219nui\u021bi. Astfel, ministrul Energiei a primit o factur\u0103 de 900 de lei, o sum\u0103 uria\u0219\u0103, av\u00e2nd \u00een vedere faptul c\u0103 acesta a declarat c\u0103 la acea adres\u0103, nu locuie\u0219te nimeni. Ministrul Energiei a primit o factur\u0103 uria\u0219\u0103 Foarte mul\u021bi cet\u0103\u021beni se [&hellip;]<\/p>\n","protected":false},"author":1,"featured_media":2447,"comment_status":"open","ping_status":"open","sticky":false,"template":"","format":"standard","meta":{"footnotes":""},"categories":[2],"tags":[],"class_list":["post-2446","post","type-post","status-publish","format-standard","has-post-thumbnail","hentry","category-actualitate"],"_links":{"self":[{"href":"https:\/\/tvgiurgiu.ro\/index.php\/wp-json\/wp\/v2\/posts\/2446","targetHints":{"allow":["GET"]}}],"collection":[{"href":"https:\/\/tvgiurgiu.ro\/index.php\/wp-json\/wp\/v2\/posts"}],"about":[{"href":"https:\/\/tvgiurgiu.ro\/index.php\/wp-json\/wp\/v2\/types\/post"}],"author":[{"embeddable":true,"href":"https:\/\/tvgiurgiu.ro\/index.php\/wp-json\/wp\/v2\/users\/1"}],"replies":[{"embeddable":true,"href":"https:\/\/tvgiurgiu.ro\/index.php\/wp-json\/wp\/v2\/comments?post=2446"}],"version-history":[{"count":0,"href":"https:\/\/tvgiurgiu.ro\/index.php\/wp-json\/wp\/v2\/posts\/2446\/revisions"}],"wp:featuredmedia":[{"embeddable":true,"href":"https:\/\/tvgiurgiu.ro\/index.php\/wp-json\/wp\/v2\/media\/2447"}],"wp:attachment":[{"href":"https:\/\/tvgiurgiu.ro\/index.php\/wp-json\/wp\/v2\/media?parent=2446"}],"wp:term":[{"taxonomy":"category","embeddable":true,"href":"https:\/\/tvgiurgiu.ro\/index.php\/wp-json\/wp\/v2\/categories?post=2446"},{"taxonomy":"post_tag","embeddable":true,"href":"https:\/\/tvgiurgiu.ro\/index.php\/wp-json\/wp\/v2\/tags?post=2446"}],"curies":[{"name":"wp","href":"https:\/\/api.w.org\/{rel}","templated":true}]}}