{"id":2456,"date":"2021-02-08T07:45:45","date_gmt":"2021-02-08T07:45:45","guid":{"rendered":"https:\/\/tvgiurgiu.ro\/?p=2456"},"modified":"2021-02-08T07:45:45","modified_gmt":"2021-02-08T07:45:45","slug":"8-februarie-2021-prima-zi-de-scoala-precizari-exceptii-purtare-masca-in-scoli","status":"publish","type":"post","link":"https:\/\/tvgiurgiu.ro\/index.php\/2021\/02\/08\/8-februarie-2021-prima-zi-de-scoala-precizari-exceptii-purtare-masca-in-scoli\/","title":{"rendered":"8 februarie 2021, prima zi de \u0219coal\u0103. PRECIZ\u0102RI EXCEP\u021aII purtare masc\u0103 \u00een \u0219coli"},"content":{"rendered":"<div class=\"article_description_new\">\n<p><strong>Cursurile vor fi reluate de luni \u00een format fizic, odat\u0103 cu \u00eenceperea semestrului al doilea, \u00een majoritatea gr\u0103dini\u0163elor, \u015fcolilor \u015fi liceelor din \u0163ar\u0103, \u00een condi\u0163iile \u00een care 2.181 de localit\u0103\u0163i sunt \u00een scenariul verde, 903 \u00een scenariul galben \u015fi numai \u00een 149 \u00een scenariul ro\u015fu, conform ultimei centraliz\u0103ri realizate de c\u0103tre Centrul Na\u0163ional de Conducere \u015fi Coordonare a Interven\u0163iei (CNCCI).<br \/>\n<\/strong><\/p>\n<\/div>\n<div class=\"clear10\"><\/div>\n<div align=\"center\"><\/div>\n<div id=\"articleContent\" class=\"articol_dec\">\n<div class=\"clear10\"><\/div>\n<p class=\"rtejustify\">Regulile \u0219i excep\u021biile privind purtarea m\u0103\u0219tii sunt stabilite de Ministerul S\u0103n\u0103t\u0103\u021bii care are ca atribu\u021bie principal\u0103 elaborarea de politici, strategii \u015fi programe de ac\u0163iune \u00een domeniul s\u0103n\u0103t\u0103\u0163ii popula\u0163iei, \u00een Ordinul Comun MS-MAI nr. 874\/81\/2020 din 22 mai 2020 privind instituirea obligativit\u0103\u0163ii purt\u0103rii m\u0103\u015ftii de protec\u0163ie, a triajului epidemiologic \u015fi dezinfectarea obligatorie a m\u00e2inilor pentru prevenirea contamin\u0103rii cu virusul SARS-CoV-2 pe durata st\u0103rii de alert\u0103.<\/p>\n<p class=\"rtejustify\">Potrivit actului normativ mai sus-men\u021bionat, preluat \u0219i \u00een Hot\u0103r\u00e2rea de Guvern nr.3 din 12 ianuarie 2021 privind prelungirea st\u0103rii de alert\u0103 pe teritoriul Rom\u00e2niei masca de protec\u021bie trebuie purtat\u0103 \u00een orice spa\u021biu public \u00eenchis, spa\u021bii comerciale, mijloace de transport \u00een comun \u0219i la locul de munc\u0103, pe toat\u0103 durata prezen\u021bei \u00een oricare din spa\u021biile \u00eenchise ale incintei.<\/p>\n<p align=\"center\">\n<h2 class=\"rtejustify\">\u00cen func\u0163ie de evaluarea riscului, efectuat\u0103 de medicul de medicina muncii al unit\u0103\u0163ii, pot exista unele excep\u0163ii, de la purtatul m\u0103\u0219tii, \u00een conformitate cu dispozi\u021biile cuprinse la subpct 2, Pct.I din Anexa Ordinului 874\/81\/2020, astfel:<\/h2>\n<p class=\"rtejustify\">\n<p class=\"rtejustify\">a) angajatul este singur \u00een birou<\/p>\n<p class=\"rtejustify\">b) persoana sufer\u0103 de boli care afecteaz\u0103 capacitatea de oxigenare;<\/p>\n<p class=\"rtejustify\">c) persoana desf\u0103\u015foar\u0103 activit\u0103\u0163i fizice intense \u015fi\/sau \u00een condi\u0163ii de munc\u0103 solicitante (temperaturi ridicate, umiditate crescut\u0103 etc.);<\/p>\n<p class=\"rtejustify\">d) prezentatorii TV \u015fi invita\u0163ii acestora, cu condi\u0163ia respect\u0103rii distan\u0163ei de 3 metri \u00eentre persoane;<\/p>\n<p class=\"rtejustify\">e) copiii cu v\u00e2rsta mai mic\u0103 de 5 ani.<\/p>\n<p class=\"rtejustify\"><strong>Persoanele alergice la materialele din care sunt confec\u021bionate m\u0103\u0219tile pot purta m\u0103\u0219ti confec\u021bionate din alte materiale dec\u00e2t cele la care se \u0219tiu alergice sau alte forme de protec\u021bie (de exemplu viziere).<\/strong><\/p>\n<p class=\"rtejustify\">Persoanele cu afec\u021biuni respiratorii cronice cu capacitate redus\u0103 de oxigenare au un risc crescut de a dezvolta forme severe de COVID -19 \u0219i de aceea este recomandat\u0103 participarea lor on-line la activit\u0103\u021bile didactice in locul prezen\u021bei fizice f\u0103r\u0103 masc\u0103.<\/p>\n<p class=\"rtejustify\">\nAstfel, din dispozi\u021biile legale mai sus men\u021bionate, rezult\u0103 c\u0103 excep\u021biile se aplic\u0103 \u00een func\u021bie de evaluarea riscului efectuat de medicul de medicina muncii al unit\u0103\u021bii, sau de medicul curant pentru persoanele ce prezint\u0103 alergii.<\/p>\n<p>https:\/\/www.dcnews.ro\/<\/p>\n<\/div>\n","protected":false},"excerpt":{"rendered":"<p>Cursurile vor fi reluate de luni \u00een format fizic, odat\u0103 cu \u00eenceperea semestrului al doilea, \u00een majoritatea gr\u0103dini\u0163elor, \u015fcolilor \u015fi liceelor din \u0163ar\u0103, \u00een condi\u0163iile \u00een care 2.181 de localit\u0103\u0163i sunt \u00een scenariul verde, 903 \u00een scenariul galben \u015fi numai \u00een 149 \u00een scenariul ro\u015fu, conform ultimei centraliz\u0103ri realizate de c\u0103tre Centrul Na\u0163ional de Conducere [&hellip;]<\/p>\n","protected":false},"author":1,"featured_media":2457,"comment_status":"open","ping_status":"open","sticky":false,"template":"","format":"standard","meta":{"footnotes":""},"categories":[2],"tags":[],"class_list":["post-2456","post","type-post","status-publish","format-standard","has-post-thumbnail","hentry","category-actualitate"],"_links":{"self":[{"href":"https:\/\/tvgiurgiu.ro\/index.php\/wp-json\/wp\/v2\/posts\/2456","targetHints":{"allow":["GET"]}}],"collection":[{"href":"https:\/\/tvgiurgiu.ro\/index.php\/wp-json\/wp\/v2\/posts"}],"about":[{"href":"https:\/\/tvgiurgiu.ro\/index.php\/wp-json\/wp\/v2\/types\/post"}],"author":[{"embeddable":true,"href":"https:\/\/tvgiurgiu.ro\/index.php\/wp-json\/wp\/v2\/users\/1"}],"replies":[{"embeddable":true,"href":"https:\/\/tvgiurgiu.ro\/index.php\/wp-json\/wp\/v2\/comments?post=2456"}],"version-history":[{"count":0,"href":"https:\/\/tvgiurgiu.ro\/index.php\/wp-json\/wp\/v2\/posts\/2456\/revisions"}],"wp:featuredmedia":[{"embeddable":true,"href":"https:\/\/tvgiurgiu.ro\/index.php\/wp-json\/wp\/v2\/media\/2457"}],"wp:attachment":[{"href":"https:\/\/tvgiurgiu.ro\/index.php\/wp-json\/wp\/v2\/media?parent=2456"}],"wp:term":[{"taxonomy":"category","embeddable":true,"href":"https:\/\/tvgiurgiu.ro\/index.php\/wp-json\/wp\/v2\/categories?post=2456"},{"taxonomy":"post_tag","embeddable":true,"href":"https:\/\/tvgiurgiu.ro\/index.php\/wp-json\/wp\/v2\/tags?post=2456"}],"curies":[{"name":"wp","href":"https:\/\/api.w.org\/{rel}","templated":true}]}}