{"id":2657,"date":"2021-02-27T11:02:22","date_gmt":"2021-02-27T11:02:22","guid":{"rendered":"https:\/\/tvgiurgiu.ro\/?p=2657"},"modified":"2021-02-27T11:02:22","modified_gmt":"2021-02-27T11:02:22","slug":"incendiu-izbucnit-intr-o-gospodarie-din-localitatea-toporu","status":"publish","type":"post","link":"https:\/\/tvgiurgiu.ro\/index.php\/2021\/02\/27\/incendiu-izbucnit-intr-o-gospodarie-din-localitatea-toporu\/","title":{"rendered":"Incendiu izbucnit \u00eentr-o gospod\u0103rie din localitatea Toporu"},"content":{"rendered":"<p>\u00cen aceast\u0103 diminea\u021b\u0103, pompierii din cadrul Deta\u0219amentului Giurgiu au ac\u021bionat pentru stingerea unui incendiu izbucnit \u00eentr-o gospod\u0103rie din localitatea Toporu. Ac\u021biunea s-a desf\u0103\u0219urat \u00een sprijinul pompierilor din cadrul Punctului de Lucru Dr\u0103g\u0103ne\u0219ti Vla\u0219ca (ISU Teleorman). \u00cen total, la fa\u021ba locului s-au deplasat dou\u0103 autospeciale de stingere cu ap\u0103 \u0219i spum\u0103, o autospecial\u0103 de prim\u0103 interven\u021bie \u0219i comand\u0103, o ambulan\u021b\u0103 SMURD \u0219i un echipaj SAJ.<br \/>\nFocul se manifesta la nivelul acoperi\u0219ului, pe o suprafa\u021b\u0103 aproximativ 80 mp, la un garaj \u0219i la bunurile materiale dintr-o buc\u0103t\u0103rie, exist\u00e2nd pericol de extindere la \u00eentreaga locuin\u021b\u0103. Proprietara, o b\u0103tr\u00e2n\u0103 de aproximativ 85 de ani, cu atac de panic\u0103, a fost preluat\u0103 de echipajul SAJ Giurgiu \u0219i transportat\u0103 la spital.<br \/>\nIncendiul a fost stins \u00een limitele g\u0103site, dup\u0103 aproximativ o or\u0103 \u0219i jum\u0103tate, pompierii reu\u0219ind s\u0103 salveze restul casei de locuit \u0219i mai multe anexe gospod\u0103re\u0219ti.<br \/>\nCauza probabil\u0103 a acestui incendiu a fost folosirea inten\u021bionat\u0103 a sursei de aprindere, motiv pentru care evenimentul a r\u0103mas \u00een aten\u021bia autorit\u0103\u021bilor competente pentru cercet\u0103ri.<\/p>\n","protected":false},"excerpt":{"rendered":"<p>\u00cen aceast\u0103 diminea\u021b\u0103, pompierii din cadrul Deta\u0219amentului Giurgiu au ac\u021bionat pentru stingerea unui incendiu izbucnit \u00eentr-o gospod\u0103rie din localitatea Toporu. Ac\u021biunea s-a desf\u0103\u0219urat \u00een sprijinul pompierilor din cadrul Punctului de Lucru Dr\u0103g\u0103ne\u0219ti Vla\u0219ca (ISU Teleorman). \u00cen total, la fa\u021ba locului s-au deplasat dou\u0103 autospeciale de stingere cu ap\u0103 \u0219i spum\u0103, o autospecial\u0103 de prim\u0103 interven\u021bie [&hellip;]<\/p>\n","protected":false},"author":1,"featured_media":2658,"comment_status":"open","ping_status":"open","sticky":false,"template":"","format":"standard","meta":{"footnotes":""},"categories":[2,23],"tags":[],"class_list":["post-2657","post","type-post","status-publish","format-standard","has-post-thumbnail","hentry","category-actualitate","category-stiri"],"_links":{"self":[{"href":"https:\/\/tvgiurgiu.ro\/index.php\/wp-json\/wp\/v2\/posts\/2657","targetHints":{"allow":["GET"]}}],"collection":[{"href":"https:\/\/tvgiurgiu.ro\/index.php\/wp-json\/wp\/v2\/posts"}],"about":[{"href":"https:\/\/tvgiurgiu.ro\/index.php\/wp-json\/wp\/v2\/types\/post"}],"author":[{"embeddable":true,"href":"https:\/\/tvgiurgiu.ro\/index.php\/wp-json\/wp\/v2\/users\/1"}],"replies":[{"embeddable":true,"href":"https:\/\/tvgiurgiu.ro\/index.php\/wp-json\/wp\/v2\/comments?post=2657"}],"version-history":[{"count":0,"href":"https:\/\/tvgiurgiu.ro\/index.php\/wp-json\/wp\/v2\/posts\/2657\/revisions"}],"wp:featuredmedia":[{"embeddable":true,"href":"https:\/\/tvgiurgiu.ro\/index.php\/wp-json\/wp\/v2\/media\/2658"}],"wp:attachment":[{"href":"https:\/\/tvgiurgiu.ro\/index.php\/wp-json\/wp\/v2\/media?parent=2657"}],"wp:term":[{"taxonomy":"category","embeddable":true,"href":"https:\/\/tvgiurgiu.ro\/index.php\/wp-json\/wp\/v2\/categories?post=2657"},{"taxonomy":"post_tag","embeddable":true,"href":"https:\/\/tvgiurgiu.ro\/index.php\/wp-json\/wp\/v2\/tags?post=2657"}],"curies":[{"name":"wp","href":"https:\/\/api.w.org\/{rel}","templated":true}]}}