{"id":301,"date":"2020-11-14T13:31:22","date_gmt":"2020-11-14T13:31:22","guid":{"rendered":"https:\/\/tvgiurgiu.ro\/?p=301"},"modified":"2020-11-14T13:31:22","modified_gmt":"2020-11-14T13:31:22","slug":"acces-limitat-al-cetatenilor-in-incinta-primariei-municipiului-giurgiu","status":"publish","type":"post","link":"https:\/\/tvgiurgiu.ro\/index.php\/2020\/11\/14\/acces-limitat-al-cetatenilor-in-incinta-primariei-municipiului-giurgiu\/","title":{"rendered":"Acces limitat al cet\u0103\u021benilor \u00een incinta Prim\u0103riei Municipiului Giurgiu"},"content":{"rendered":"<p>\u00cen aceast\u0103 perioad\u0103, reprezentan\u021bii Prim\u0103riei Municipiului Giurgiu recomand\u0103 limitarea prezen\u021bei cet\u0103\u021benilor \u00een acela\u0219i spa\u021biu \u0219i \u00een mod repetitiv, ca prinicipal\u0103 component\u0103 pentru prevenirea contamin\u0103rii \u0219i r\u0103sp\u00e2ndirii cu noul Coronavirus SARS COV-2.<\/p>\n<p>\u201e\u00cen acela\u0219i timp, preciz\u0103m c\u0103 este foarte important pentru administra\u021bia local\u0103 s\u0103 ofere tuturor cet\u0103\u021benilor posibilitatea de a comunica rapid \u0219i u\u0219or.<\/p>\n<p>Astfel, accesarea adreselor de po\u0219t\u0103 electronic\u0103 pe care vi le punem la dispozi\u021bie permite rela\u021bionarea de la distan\u021b\u0103 cu cet\u0103\u021benii, iar semnalarea oric\u0103rei probleme survenite \u00een via\u021ba \u0219i activitatea dumneavoastr\u0103 ne ofer\u0103, at\u00e2t oportunitatea de a lua la cuno\u0219tin\u021b\u0103 cu celeritate despre situa\u021biile reclamante, dar \u0219i de a depune toate diligen\u021bele pentru remedierea acestora, cu respectarea cadrului legal.\u201d, se arat\u0103 \u00eentr-un comunicat al conducerii Prim\u0103riei Giurgiu.<\/p>\n<p><strong><em><u><b><i>MIJLOACE DE COMUNICARE ON-LINE:<\/i><\/b><\/u><\/em><\/strong><\/p>\n<p>\u2013 primarie@primariagiurgiu.ro;<\/p>\n<p>\u2013 sesiz\u0103ri@primariagiurgiu.ro;<\/p>\n<p>\u2013 serviciul online \u201dDepune o peti\u021bie\u201d pe care \u00eel reg\u0103si\u021bi pe site-ul Prim\u0103riei,\u00a0<a href=\"https:\/\/l.facebook.com\/l.php?u=http%3A%2F%2Fwww.primariagiurgiu.ro%2F%3Ffbclid%3DIwAR0u9COPwu5VvJo3dOvmuqLYaQfH2KpwSMhzgKr4wKtHKgG73wCDE4uz81U&amp;h=AT0oGD-RUF9Zxztx5XIbsLMBZy3-xhIFpY21UshqmsaiU1HKcCjmxnMCJAeKaP3jc_HALmFQ8pZ8cx674QZ7GtrI30ZDr6WND8_CbSfBrHm3jHRLSy2XsAbo75ZTailul8o5&amp;__tn__=-UK-R&amp;c%5b0%5d=AT3axHeau6TQn1Y8wY-5Mi2Hq11ouSrXFV_YF85P0-BcI7IO3gvIhLH72KNd0-fsNXCx71NFOiw2WlH0hPmx-Ol1bH_3S5OYKKj_3DaTbneFp4wYsdXlKpdJBAArPqsycwoBXYYutFIoLxjCxDrpp49mdA\" target=\"_blank\" rel=\"noopener\"><u>www.primariagiurgiu.ro.<\/u><\/a><\/p>\n","protected":false},"excerpt":{"rendered":"<p>\u00cen aceast\u0103 perioad\u0103, reprezentan\u021bii Prim\u0103riei Municipiului Giurgiu recomand\u0103 limitarea prezen\u021bei cet\u0103\u021benilor \u00een acela\u0219i spa\u021biu \u0219i \u00een mod repetitiv, ca prinicipal\u0103 component\u0103 pentru prevenirea contamin\u0103rii \u0219i r\u0103sp\u00e2ndirii cu noul Coronavirus SARS COV-2. \u201e\u00cen acela\u0219i timp, preciz\u0103m c\u0103 este foarte important pentru administra\u021bia local\u0103 s\u0103 ofere tuturor cet\u0103\u021benilor posibilitatea de a comunica rapid \u0219i u\u0219or. Astfel, accesarea [&hellip;]<\/p>\n","protected":false},"author":1,"featured_media":302,"comment_status":"open","ping_status":"open","sticky":false,"template":"","format":"standard","meta":{"footnotes":""},"categories":[2],"tags":[],"class_list":["post-301","post","type-post","status-publish","format-standard","has-post-thumbnail","hentry","category-actualitate"],"_links":{"self":[{"href":"https:\/\/tvgiurgiu.ro\/index.php\/wp-json\/wp\/v2\/posts\/301","targetHints":{"allow":["GET"]}}],"collection":[{"href":"https:\/\/tvgiurgiu.ro\/index.php\/wp-json\/wp\/v2\/posts"}],"about":[{"href":"https:\/\/tvgiurgiu.ro\/index.php\/wp-json\/wp\/v2\/types\/post"}],"author":[{"embeddable":true,"href":"https:\/\/tvgiurgiu.ro\/index.php\/wp-json\/wp\/v2\/users\/1"}],"replies":[{"embeddable":true,"href":"https:\/\/tvgiurgiu.ro\/index.php\/wp-json\/wp\/v2\/comments?post=301"}],"version-history":[{"count":0,"href":"https:\/\/tvgiurgiu.ro\/index.php\/wp-json\/wp\/v2\/posts\/301\/revisions"}],"wp:featuredmedia":[{"embeddable":true,"href":"https:\/\/tvgiurgiu.ro\/index.php\/wp-json\/wp\/v2\/media\/302"}],"wp:attachment":[{"href":"https:\/\/tvgiurgiu.ro\/index.php\/wp-json\/wp\/v2\/media?parent=301"}],"wp:term":[{"taxonomy":"category","embeddable":true,"href":"https:\/\/tvgiurgiu.ro\/index.php\/wp-json\/wp\/v2\/categories?post=301"},{"taxonomy":"post_tag","embeddable":true,"href":"https:\/\/tvgiurgiu.ro\/index.php\/wp-json\/wp\/v2\/tags?post=301"}],"curies":[{"name":"wp","href":"https:\/\/api.w.org\/{rel}","templated":true}]}}