{"id":3048,"date":"2021-03-14T05:59:35","date_gmt":"2021-03-14T05:59:35","guid":{"rendered":"https:\/\/tvgiurgiu.ro\/?p=3048"},"modified":"2021-03-14T05:59:35","modified_gmt":"2021-03-14T05:59:35","slug":"aglomeratie-in-poiana-brasov-in-ultimul-weekend-dinainte-de-intrarea-in-vigoare-a-restrictiilor","status":"publish","type":"post","link":"https:\/\/tvgiurgiu.ro\/index.php\/2021\/03\/14\/aglomeratie-in-poiana-brasov-in-ultimul-weekend-dinainte-de-intrarea-in-vigoare-a-restrictiilor\/","title":{"rendered":"Aglomera\u0163ie \u00een Poiana Bra\u015fov, \u00een ultimul weekend dinainte de intrarea \u00een vigoare a restric\u021biilor"},"content":{"rendered":"<p>S\u00e2mb\u0103t\u0103, \u00eenc\u0103 de la prima or\u0103 s-au format cozi uria\u0219e la gondola care duce la p\u00e2rtia de schi, potrivit\u00a0<a href=\"https:\/\/www.rador.ro\/2021\/03\/13\/aglomeratie-in-poiana-brasov-in-ultimul-weekend-dinainte-de-intrarea-in-vigoare-a-restrictiilor-impuse-de-guvern\/\" target=\"_blank\" rel=\"noopener\">Radio Rom\u00e2nia Actualit\u0103\u0163i.<\/a><\/p>\n<p>La fa\u021ba locului au fost deta\u0219a\u021bi \u0219i jandarmi care s\u0103 le reaminteasc\u0103 vizitatorilor s\u0103 poarte masca de protec\u021bie \u0219i s\u0103 p\u0103streze distan\u021ba.<\/p>\n<p>Guvernul a aprobat s\u0103pt\u0103m\u00e2na aceasta Hot\u0103r\u00e2rea prin care este prelungit\u0103 starea de alert\u0103 pe teritoriul Rom\u00e2niei. Circula\u021bia \u00een afara locuin\u021bei va fi interzis\u0103 dup\u0103 ora 22:00, iar cazarea \u00een pensiunile \u0219i hotelurile de la munte limitate la 70% din capacitate. M\u0103surile se aplic\u0103 de duminic\u0103.<\/p>\n<p>LISTA STA\u021aIUNILOR MONTANE UNDE SE IMPUN RESTRIC\u021aII<\/p>\n<p>Azuga, Bu\u0219teni \u0219i Sinaia din jude\u021bul Prahova;<\/p>\n<p>B\u0103ile Tu\u0219nad, Borsec, B\u0103ile Homorod, Harghita-B\u0103i din jude\u021bul Harghita;<\/p>\n<p>Bor\u0219a \u0219i Cavnic din jude\u021bul Maramure\u0219;<\/p>\n<p>Poiana Bra\u0219ov, Predeal \u0219i Bran din jude\u021bul Bra\u0219ov;<\/p>\n<p>Sovata din jude\u021bul Mure\u0219;<\/p>\n<p>Vatra Dornei din jude\u021bul Suceava;<\/p>\n<p>Voineasa din jude\u021bul V\u00e2lcea;<\/p>\n<p>Zona Borlova-Muntele Mic, comuna Turnu Ruieni din jude\u021bul Cara\u0219Severin;<\/p>\n<p>Arie\u0219eni din jude\u021bul Alba;<\/p>\n<p>Dur\u0103u din jude\u021bul Neam\u021b;<\/p>\n<p>Novaci-R\u00e2nca din jude\u021bul Gorj;<\/p>\n<p>P\u0103ltini\u0219 din jude\u021bul Sibiu;<\/p>\n<p>St\u00e2na de Vale din jude\u021bul Bihor;<\/p>\n<p>Straja din jude\u021bul Hunedoara.<\/p>\n","protected":false},"excerpt":{"rendered":"<p>S\u00e2mb\u0103t\u0103, \u00eenc\u0103 de la prima or\u0103 s-au format cozi uria\u0219e la gondola care duce la p\u00e2rtia de schi, potrivit\u00a0Radio Rom\u00e2nia Actualit\u0103\u0163i. La fa\u021ba locului au fost deta\u0219a\u021bi \u0219i jandarmi care s\u0103 le reaminteasc\u0103 vizitatorilor s\u0103 poarte masca de protec\u021bie \u0219i s\u0103 p\u0103streze distan\u021ba. Guvernul a aprobat s\u0103pt\u0103m\u00e2na aceasta Hot\u0103r\u00e2rea prin care este prelungit\u0103 starea de [&hellip;]<\/p>\n","protected":false},"author":1,"featured_media":3049,"comment_status":"open","ping_status":"open","sticky":false,"template":"","format":"standard","meta":{"footnotes":""},"categories":[2],"tags":[],"class_list":["post-3048","post","type-post","status-publish","format-standard","has-post-thumbnail","hentry","category-actualitate"],"_links":{"self":[{"href":"https:\/\/tvgiurgiu.ro\/index.php\/wp-json\/wp\/v2\/posts\/3048","targetHints":{"allow":["GET"]}}],"collection":[{"href":"https:\/\/tvgiurgiu.ro\/index.php\/wp-json\/wp\/v2\/posts"}],"about":[{"href":"https:\/\/tvgiurgiu.ro\/index.php\/wp-json\/wp\/v2\/types\/post"}],"author":[{"embeddable":true,"href":"https:\/\/tvgiurgiu.ro\/index.php\/wp-json\/wp\/v2\/users\/1"}],"replies":[{"embeddable":true,"href":"https:\/\/tvgiurgiu.ro\/index.php\/wp-json\/wp\/v2\/comments?post=3048"}],"version-history":[{"count":0,"href":"https:\/\/tvgiurgiu.ro\/index.php\/wp-json\/wp\/v2\/posts\/3048\/revisions"}],"wp:featuredmedia":[{"embeddable":true,"href":"https:\/\/tvgiurgiu.ro\/index.php\/wp-json\/wp\/v2\/media\/3049"}],"wp:attachment":[{"href":"https:\/\/tvgiurgiu.ro\/index.php\/wp-json\/wp\/v2\/media?parent=3048"}],"wp:term":[{"taxonomy":"category","embeddable":true,"href":"https:\/\/tvgiurgiu.ro\/index.php\/wp-json\/wp\/v2\/categories?post=3048"},{"taxonomy":"post_tag","embeddable":true,"href":"https:\/\/tvgiurgiu.ro\/index.php\/wp-json\/wp\/v2\/tags?post=3048"}],"curies":[{"name":"wp","href":"https:\/\/api.w.org\/{rel}","templated":true}]}}