{"id":3090,"date":"2021-03-16T08:15:16","date_gmt":"2021-03-16T08:15:16","guid":{"rendered":"https:\/\/tvgiurgiu.ro\/?p=3090"},"modified":"2021-03-16T08:15:16","modified_gmt":"2021-03-16T08:15:16","slug":"saptamana-cu-ploi-la-giurgiu","status":"publish","type":"post","link":"https:\/\/tvgiurgiu.ro\/index.php\/2021\/03\/16\/saptamana-cu-ploi-la-giurgiu\/","title":{"rendered":"S\u0103pt\u0103m\u00e2n\u0103 cu ploi la Giurgiu"},"content":{"rendered":"<p>https:\/\/www.youtube.com\/watch?v=9_SX_KBS6jM&#038;ab_channel=%C8%98tirileTvGiurgiu<\/p>\n","protected":false},"excerpt":{"rendered":"<p>https:\/\/www.youtube.com\/watch?v=9_SX_KBS6jM&#038;ab_channel=%C8%98tirileTvGiurgiu<\/p>\n","protected":false},"author":1,"featured_media":3092,"comment_status":"open","ping_status":"open","sticky":false,"template":"","format":"standard","meta":{"footnotes":""},"categories":[9,23],"tags":[],"class_list":["post-3090","post","type-post","status-publish","format-standard","has-post-thumbnail","hentry","category-meteo","category-stiri"],"_links":{"self":[{"href":"https:\/\/tvgiurgiu.ro\/index.php\/wp-json\/wp\/v2\/posts\/3090","targetHints":{"allow":["GET"]}}],"collection":[{"href":"https:\/\/tvgiurgiu.ro\/index.php\/wp-json\/wp\/v2\/posts"}],"about":[{"href":"https:\/\/tvgiurgiu.ro\/index.php\/wp-json\/wp\/v2\/types\/post"}],"author":[{"embeddable":true,"href":"https:\/\/tvgiurgiu.ro\/index.php\/wp-json\/wp\/v2\/users\/1"}],"replies":[{"embeddable":true,"href":"https:\/\/tvgiurgiu.ro\/index.php\/wp-json\/wp\/v2\/comments?post=3090"}],"version-history":[{"count":0,"href":"https:\/\/tvgiurgiu.ro\/index.php\/wp-json\/wp\/v2\/posts\/3090\/revisions"}],"wp:featuredmedia":[{"embeddable":true,"href":"https:\/\/tvgiurgiu.ro\/index.php\/wp-json\/wp\/v2\/media\/3092"}],"wp:attachment":[{"href":"https:\/\/tvgiurgiu.ro\/index.php\/wp-json\/wp\/v2\/media?parent=3090"}],"wp:term":[{"taxonomy":"category","embeddable":true,"href":"https:\/\/tvgiurgiu.ro\/index.php\/wp-json\/wp\/v2\/categories?post=3090"},{"taxonomy":"post_tag","embeddable":true,"href":"https:\/\/tvgiurgiu.ro\/index.php\/wp-json\/wp\/v2\/tags?post=3090"}],"curies":[{"name":"wp","href":"https:\/\/api.w.org\/{rel}","templated":true}]}}