{"id":311,"date":"2020-11-15T05:43:30","date_gmt":"2020-11-15T05:43:30","guid":{"rendered":"https:\/\/tvgiurgiu.ro\/?p=311"},"modified":"2020-11-15T05:43:30","modified_gmt":"2020-11-15T05:43:30","slug":"pnl-a-salvat-locurile-de-munca-ale-giurgiuvenilor","status":"publish","type":"post","link":"https:\/\/tvgiurgiu.ro\/index.php\/2020\/11\/15\/pnl-a-salvat-locurile-de-munca-ale-giurgiuvenilor\/","title":{"rendered":"PNL a salvat locurile de munc\u0103 ale giurgiuvenilor"},"content":{"rendered":"<p>Guvernul Orban a fost nevoit s\u0103 duc\u0103 b\u0103t\u0103lia cu coronavirusul, pe mai multe fronturi. Pe l\u00e2ng\u0103 r\u0103zboiul crunt dus cu pandemia pentru combaterea r\u0103sp\u00e2ndirii coronavirusului, PNL a fost obligat s\u0103 ia m\u0103suri coerente pentru men\u021binerea economiei rom\u00e2ne\u0219ti pe linia de plutire. Guvernul liberal a preluat o gaur\u0103 financiar\u0103\u00a0 imens\u0103 l\u0103sat\u0103 de sociali\u0219ti \u0219i \u00een vreme de pandemie a fost nevoit s\u0103 asigure un echilibru bugetar. \u00cen acela\u0219i timp, Guvernul Orban a ac\u021bionat eficient pentru salvarea locurilor de munc\u0103 ale oamenilor, \u00een timp de criz\u0103 sanitar\u0103.<\/p>\n<p>Maria Gabriela Horga, Secretar de Stat la Cancelaria Prim- ministrului \u0219i candidat la Camera Deputa\u021bilor, a declarat c\u0103 ,, pe l\u00e2ng\u0103 s\u0103n\u0103tate, cea mai ap\u0103s\u0103toare grij\u0103 a oamenilor \u00een acest an dificil, marcat de molim\u0103, este p\u0103strarea locului de munc\u0103 \u0219i siguran\u021ba venitului lunar. Mul\u021bi dintre giurgiuvenii cu care m\u0103 \u00eent\u00e2lnesc \u00een campanie mi-au m\u0103rturisit c\u0103 se tem c\u0103 vor r\u0103m\u00e2ne f\u0103r\u0103 serviciu pentru c\u0103 angajatorilor nu le mai merg afacerile ca \u00eenainte de pandemie.<\/p>\n<p>Pentru c\u0103 \u0219tim asta \u0219i pentru c\u0103 ne g\u00e2ndim mereu la via\u021ba oamenilor, am g\u00e2ndit un \u00eentreg set de m\u0103suri care s\u0103-i ajute at\u00e2t pe antreprenori c\u00e2t \u0219i pe angaja\u021bi. Iar efectele m\u0103surilor sunt pozitive, motiv pentru care vom continua s\u0103 pl\u0103tim c\u00e2t e nevoie \u0219omajul ethnic sau s\u0103 decont\u0103m salariile p\u0103rin\u021bilor care stau acas\u0103 cu copiii c\u00e2t sunt \u0219colile \u00eenchise\u201d.<\/p>\n<p>De asemenea, Gabriela Horga\u00a0 a mai afirmat c\u0103 \u201d\u00een jude\u021bul Giurgiu, mii de persoane au beneficiat de \u0219omajul tehnic, de m\u0103sura activ\u0103 de decontare a 41,5% din salariile brute, de munca flexibil\u0103, de zile libere pentru p\u0103rin\u021bi, m\u0103suri care au permis p\u0103strarea locurilor de munc\u0103 \u0219i \u00eencasarea unui venit lunar sigur.<\/p>\n<p>Suma total\u0103 pl\u0103tit\u0103 de la bugetul de stat pentru jude\u021bul #Giurgiu \u00een perioada martie-septembrie este de 24 milioane lei (aprox. 5,5milioane euro)\u201d.<\/p>\n<p>Totodat\u0103, secretarul de stat Gabriela Horga a \u021binut s\u0103 precizeze c\u0103 \u201ddoar pentru \u0219omajul tehnic au fost pl\u0103ti\u021bi 18,6 milioane lei pentru un num\u0103r de 4086 de beneficiari, angaja\u021bi \u0219i profesioni\u0219ti din aproape 700 de companii.<\/p>\n<p>De sprijinul de decontare a 41,5% din salariul angajatului au beneficiat \u00een jude\u021bul #Giurgiu aproximativ 300 de angajatori pentru 1672 angaja\u021bi. Suma pl\u0103tit\u0103 pentru aceast\u0103 m\u0103sur\u0103 a fost de\u00a0 peste 5 milioane lei.<\/p>\n<p>\u00cen lipsa acestor m\u0103suri, cel mai probabil o mare parte dintre oameni \u0219i-ar fi pierdut locurile de munc\u0103\u201d.<\/p>\n","protected":false},"excerpt":{"rendered":"<p>Guvernul Orban a fost nevoit s\u0103 duc\u0103 b\u0103t\u0103lia cu coronavirusul, pe mai multe fronturi. Pe l\u00e2ng\u0103 r\u0103zboiul crunt dus cu pandemia pentru combaterea r\u0103sp\u00e2ndirii coronavirusului, PNL a fost obligat s\u0103 ia m\u0103suri coerente pentru men\u021binerea economiei rom\u00e2ne\u0219ti pe linia de plutire. Guvernul liberal a preluat o gaur\u0103 financiar\u0103\u00a0 imens\u0103 l\u0103sat\u0103 de sociali\u0219ti \u0219i \u00een vreme [&hellip;]<\/p>\n","protected":false},"author":1,"featured_media":312,"comment_status":"open","ping_status":"open","sticky":false,"template":"","format":"standard","meta":{"footnotes":""},"categories":[6],"tags":[],"class_list":["post-311","post","type-post","status-publish","format-standard","has-post-thumbnail","hentry","category-politic"],"_links":{"self":[{"href":"https:\/\/tvgiurgiu.ro\/index.php\/wp-json\/wp\/v2\/posts\/311","targetHints":{"allow":["GET"]}}],"collection":[{"href":"https:\/\/tvgiurgiu.ro\/index.php\/wp-json\/wp\/v2\/posts"}],"about":[{"href":"https:\/\/tvgiurgiu.ro\/index.php\/wp-json\/wp\/v2\/types\/post"}],"author":[{"embeddable":true,"href":"https:\/\/tvgiurgiu.ro\/index.php\/wp-json\/wp\/v2\/users\/1"}],"replies":[{"embeddable":true,"href":"https:\/\/tvgiurgiu.ro\/index.php\/wp-json\/wp\/v2\/comments?post=311"}],"version-history":[{"count":0,"href":"https:\/\/tvgiurgiu.ro\/index.php\/wp-json\/wp\/v2\/posts\/311\/revisions"}],"wp:featuredmedia":[{"embeddable":true,"href":"https:\/\/tvgiurgiu.ro\/index.php\/wp-json\/wp\/v2\/media\/312"}],"wp:attachment":[{"href":"https:\/\/tvgiurgiu.ro\/index.php\/wp-json\/wp\/v2\/media?parent=311"}],"wp:term":[{"taxonomy":"category","embeddable":true,"href":"https:\/\/tvgiurgiu.ro\/index.php\/wp-json\/wp\/v2\/categories?post=311"},{"taxonomy":"post_tag","embeddable":true,"href":"https:\/\/tvgiurgiu.ro\/index.php\/wp-json\/wp\/v2\/tags?post=311"}],"curies":[{"name":"wp","href":"https:\/\/api.w.org\/{rel}","templated":true}]}}