{"id":351,"date":"2020-11-16T07:59:00","date_gmt":"2020-11-16T07:59:00","guid":{"rendered":"https:\/\/tvgiurgiu.ro\/?p=351"},"modified":"2020-11-16T07:59:00","modified_gmt":"2020-11-16T07:59:00","slug":"crestere-economica-in-plina-pandemie","status":"publish","type":"post","link":"https:\/\/tvgiurgiu.ro\/index.php\/2020\/11\/16\/crestere-economica-in-plina-pandemie\/","title":{"rendered":"Cre\u0219tere economic\u0103 \u00een plin\u0103 pandemie"},"content":{"rendered":"<p>Rom\u00e2nia a \u00eenregistrat \u00een semestrul trei al acestui an o cre\u0219tere economic\u0103 spectaculoas\u0103, de peste<br \/>\n5%, fa\u021b\u0103 de trimestrul 2. Acest lucru demonstreaz\u0103 c\u0103 m\u0103surile economice luate de Guvernul<br \/>\nPNL au fost eficiente \u0219i au dat roade. Liberalii au reu\u0219it s\u0103 evite falimentul \u0219i s\u0103 repun\u0103 pe<br \/>\npicioare Rom\u00e2nia. A\u0219a cum spunea ministrul de Finan\u021be, Florin C\u00ee\u021bu, economia a intrat \u00een<br \/>\nscenariul cre\u0219terii \u00een V, datorit\u0103 unei politici ra\u021bionale \u0219i bine g\u00e2ndite. Datele statistice ale INS<br \/>\nofer\u0103 o bun\u0103 perspectiv\u0103 pentru anul viitor, c\u00e2nd \u021bara noastr\u0103 are toate \u0219ansele s\u0103 recupereze ceea<br \/>\nce a pierdut din cauza pandemiei.<br \/>\nAcesta este r\u0103spunsul pe care Guvernul Orban \u00eel ofer\u0103 propagandei apocaliptice oferite de<br \/>\nsociali\u0219ti, care, prin mesaje manipulatoare, c\u00e2ntau prohodul Rom\u00e2niei. Acesta este r\u0103spunsul<br \/>\npentru declara\u021biile iresponsabile ale pre\u0219edintelui PSD Giurgiu, Marian Mina, care deun\u0103zi<br \/>\nspunea c\u0103 \u201dsuntem condu\u015fi de cel mai incompetent \u015fi corupt Guvern pe care l-a avut Rom\u00e2nia, \u00een<br \/>\nultimii 30 de ani\u201d. A\u0219a PNL reu\u0219e\u0219te s\u0103 le dea peste nas celor care fac dezinformeaz\u0103, iar rom\u00e2nii<br \/>\n\u00eei vor taxa, aspru, la vot.<\/p>\n<p>&nbsp;<\/p>\n","protected":false},"excerpt":{"rendered":"<p>Rom\u00e2nia a \u00eenregistrat \u00een semestrul trei al acestui an o cre\u0219tere economic\u0103 spectaculoas\u0103, de peste 5%, fa\u021b\u0103 de trimestrul 2. Acest lucru demonstreaz\u0103 c\u0103 m\u0103surile economice luate de Guvernul PNL au fost eficiente \u0219i au dat roade. Liberalii au reu\u0219it s\u0103 evite falimentul \u0219i s\u0103 repun\u0103 pe picioare Rom\u00e2nia. A\u0219a cum spunea ministrul de Finan\u021be, [&hellip;]<\/p>\n","protected":false},"author":1,"featured_media":352,"comment_status":"open","ping_status":"open","sticky":false,"template":"","format":"standard","meta":{"footnotes":""},"categories":[6],"tags":[],"class_list":["post-351","post","type-post","status-publish","format-standard","has-post-thumbnail","hentry","category-politic"],"_links":{"self":[{"href":"https:\/\/tvgiurgiu.ro\/index.php\/wp-json\/wp\/v2\/posts\/351","targetHints":{"allow":["GET"]}}],"collection":[{"href":"https:\/\/tvgiurgiu.ro\/index.php\/wp-json\/wp\/v2\/posts"}],"about":[{"href":"https:\/\/tvgiurgiu.ro\/index.php\/wp-json\/wp\/v2\/types\/post"}],"author":[{"embeddable":true,"href":"https:\/\/tvgiurgiu.ro\/index.php\/wp-json\/wp\/v2\/users\/1"}],"replies":[{"embeddable":true,"href":"https:\/\/tvgiurgiu.ro\/index.php\/wp-json\/wp\/v2\/comments?post=351"}],"version-history":[{"count":0,"href":"https:\/\/tvgiurgiu.ro\/index.php\/wp-json\/wp\/v2\/posts\/351\/revisions"}],"wp:featuredmedia":[{"embeddable":true,"href":"https:\/\/tvgiurgiu.ro\/index.php\/wp-json\/wp\/v2\/media\/352"}],"wp:attachment":[{"href":"https:\/\/tvgiurgiu.ro\/index.php\/wp-json\/wp\/v2\/media?parent=351"}],"wp:term":[{"taxonomy":"category","embeddable":true,"href":"https:\/\/tvgiurgiu.ro\/index.php\/wp-json\/wp\/v2\/categories?post=351"},{"taxonomy":"post_tag","embeddable":true,"href":"https:\/\/tvgiurgiu.ro\/index.php\/wp-json\/wp\/v2\/tags?post=351"}],"curies":[{"name":"wp","href":"https:\/\/api.w.org\/{rel}","templated":true}]}}