{"id":3735,"date":"2021-04-09T06:21:48","date_gmt":"2021-04-09T06:21:48","guid":{"rendered":"https:\/\/tvgiurgiu.ro\/?p=3735"},"modified":"2021-04-09T06:21:48","modified_gmt":"2021-04-09T06:21:48","slug":"campanie-nationala-de-informare-vaccinare-si-testare-pentru-invatare","status":"publish","type":"post","link":"https:\/\/tvgiurgiu.ro\/index.php\/2021\/04\/09\/campanie-nationala-de-informare-vaccinare-si-testare-pentru-invatare\/","title":{"rendered":"Campanie Na\u0163ional\u0103 de Informare \u201dVaccinare \u0219i testare pentru \u00eenv\u0103\u021bare\u201d!"},"content":{"rendered":"<p>Joi, 8 aprilie, la sediul Inspectoratului \u0218colar Jude\u021bean Giurgiu, a avut loc lansarea Campaniei Na\u021bionale de Informare \u201dVaccinare \u0219i testare pentru \u00eenv\u0103\u021bare\u201d, organizat\u0103 de Ministerul Educa\u021biei, campanie ce are ca scop principal informarea elevilor, a cadrelor didactice \u0219i a p\u0103rin\u021bilor, cu privire la importan\u021ba \u0219i necesitatea diminu\u0103rii efectelor pandemiei de Covid-19 prin vaccinarea voluntar\u0103 a personalului din \u00eenv\u0103\u021b\u0103m\u00e2nt \u0219i testarea elevilor.<\/p>\n<div dir=\"auto\">Evenimentul a fost prezidat de doamna ministru secretar de stat, Maria Manea, printre participan\u021bi num\u0103r\u00e2ndu-se prefectul jude\u021bului Giurgiu, doamna Aneta Matei, inspectorul general \u0219colar al I\u0218J Giurgiu, doamna Adelina S\u00eerbu, directorul Direc\u021biei de S\u0103n\u0103tate Public\u0103 Giurgiu, domnul Iulian Stoenescu, reprezenta\u021bi ai unit\u0103\u021bilor \u0219i institu\u021biilor de \u00eenv\u0103\u021b\u0103m\u00e2nt din municipiu \u0219i din jude\u021b \u0219i, nu \u00een ultimul r\u00e2nd, ai elevilor \u0219i ai p\u0103rin\u021bilor.<\/div>\n<div dir=\"auto\">\u00cen cadrul \u00eent\u00e2lnirii au fost analizate aspecte de interes pentru desf\u0103\u0219urarea activit\u0103\u021bilor \u00een sistemul de \u00eenv\u0103\u021b\u0103m\u00e2nt, precum: preg\u0103tirea pentru sus\u021binerea examenelor na\u021bionale \u0219i a activit\u0103\u021bilor de recuperare a pierderilor generate de predarea online, transportul elevilor, formarea continu\u0103 a cadrelor didactice, dezvoltarea competen\u021belor digitale \u0219i digitalizarea educa\u021biei.<\/div>\n<div dir=\"auto\"><\/div>\n<div dir=\"auto\">De asemenea, au fost analizate probleme specifice pentru elevi, studen\u021bi \u0219i cadre didactice, c\u0103rora le-au fost ascultate opiniile, dolean\u021bele \u0219i eventuale propuneri pe care le-au avut \u00een ceea ce prive\u0219te domeniul lor de interes.<\/div>\n<div dir=\"auto\"><\/div>\n<div dir=\"auto\">Cu acest prilej, doamna prefect Aneta Matei a dorit s\u0103 sublinieze importan\u021ba vaccin\u0103rii personalului din \u00eenv\u0103\u021b\u0103m\u00e2nt, care, al\u0103turi de respectarea celorlalte m\u0103suri de protec\u021bie sanitar\u0103, reprezint\u0103 o modalitate eficient\u0103 de a limita efectele pandemiei \u0219i de a restabili normalitatea la nivel educa\u021bional.<\/div>\n","protected":false},"excerpt":{"rendered":"<p>Joi, 8 aprilie, la sediul Inspectoratului \u0218colar Jude\u021bean Giurgiu, a avut loc lansarea Campaniei Na\u021bionale de Informare \u201dVaccinare \u0219i testare pentru \u00eenv\u0103\u021bare\u201d, organizat\u0103 de Ministerul Educa\u021biei, campanie ce are ca scop principal informarea elevilor, a cadrelor didactice \u0219i a p\u0103rin\u021bilor, cu privire la importan\u021ba \u0219i necesitatea diminu\u0103rii efectelor pandemiei de Covid-19 prin vaccinarea voluntar\u0103 a [&hellip;]<\/p>\n","protected":false},"author":1,"featured_media":3736,"comment_status":"open","ping_status":"open","sticky":false,"template":"","format":"standard","meta":{"footnotes":""},"categories":[2,42,4,23],"tags":[],"class_list":["post-3735","post","type-post","status-publish","format-standard","has-post-thumbnail","hentry","category-actualitate","category-invatamant","category-sanatate","category-stiri"],"_links":{"self":[{"href":"https:\/\/tvgiurgiu.ro\/index.php\/wp-json\/wp\/v2\/posts\/3735","targetHints":{"allow":["GET"]}}],"collection":[{"href":"https:\/\/tvgiurgiu.ro\/index.php\/wp-json\/wp\/v2\/posts"}],"about":[{"href":"https:\/\/tvgiurgiu.ro\/index.php\/wp-json\/wp\/v2\/types\/post"}],"author":[{"embeddable":true,"href":"https:\/\/tvgiurgiu.ro\/index.php\/wp-json\/wp\/v2\/users\/1"}],"replies":[{"embeddable":true,"href":"https:\/\/tvgiurgiu.ro\/index.php\/wp-json\/wp\/v2\/comments?post=3735"}],"version-history":[{"count":0,"href":"https:\/\/tvgiurgiu.ro\/index.php\/wp-json\/wp\/v2\/posts\/3735\/revisions"}],"wp:featuredmedia":[{"embeddable":true,"href":"https:\/\/tvgiurgiu.ro\/index.php\/wp-json\/wp\/v2\/media\/3736"}],"wp:attachment":[{"href":"https:\/\/tvgiurgiu.ro\/index.php\/wp-json\/wp\/v2\/media?parent=3735"}],"wp:term":[{"taxonomy":"category","embeddable":true,"href":"https:\/\/tvgiurgiu.ro\/index.php\/wp-json\/wp\/v2\/categories?post=3735"},{"taxonomy":"post_tag","embeddable":true,"href":"https:\/\/tvgiurgiu.ro\/index.php\/wp-json\/wp\/v2\/tags?post=3735"}],"curies":[{"name":"wp","href":"https:\/\/api.w.org\/{rel}","templated":true}]}}