{"id":379,"date":"2020-11-16T09:21:31","date_gmt":"2020-11-16T09:21:31","guid":{"rendered":"https:\/\/tvgiurgiu.ro\/?p=379"},"modified":"2020-11-16T09:21:31","modified_gmt":"2020-11-16T09:21:31","slug":"atentie-pensionari-casa-nationala-de-pensii-publice-sumele-vor-fi-restituite-in-luna-decembrie","status":"publish","type":"post","link":"https:\/\/tvgiurgiu.ro\/index.php\/2020\/11\/16\/atentie-pensionari-casa-nationala-de-pensii-publice-sumele-vor-fi-restituite-in-luna-decembrie\/","title":{"rendered":"Aten\u021bie, pensionari! Casa Na\u021bional\u0103 de Pensii Publice: \u2018Sumele vor fi restituite \u00een luna decembrie\u2019"},"content":{"rendered":"<p><strong>Casa Na\u021bional\u0103 de Pensii Publice vine cu un mesaj important pentru pensionari.<\/strong><\/p>\n<p>Sumele re\u021binute prin popriri \u00een luna noiembrie vor fi restituite \u00een decembrie, informeaz\u0103 CNPP.<\/p>\n<p>Anun\u021bul f\u0103cut de Casa de Pensii vine \u00een contextul \u00een care,<em> potrivit prevederilor OUG nr.181\/2020 privind unele m\u0103suri fiscal-bugetare, pentru modificarea \u015fi completarea unor acte normative, precum \u015fi pentru prorogarea unor termene, executarea silit\u0103 prin \u00eenfiin\u021barea popririi a crean\u021belor bugetare, \u00een baza titlurilor executorii emise de organul fiscal central, organele fiscale locale \u0219i casele teritoriale de pensii r\u0103m\u00e2ne suspendat\u0103 sau nu \u00eencepe p\u00e2n\u0103 la data de 25 decembrie 2020 inclusiv<\/em>.<\/p>\n<h2>Sunt vizate popririle dispuse de:<\/h2>\n<p><em>\u2013 organul fiscal central, \u00een vederea execut\u0103rii silite a crean\u021belor datorate bugetului general consolidat;<\/em><\/p>\n<p><em>\u2013 organele fiscale locale, \u00een vederea execut\u0103rii silite a crean\u021belor datorate bugetelor locale;<\/em><\/p>\n<p><em>\u2013 casele teritoriale de pensii, \u00een vederea recuper\u0103rii crean\u021belor bugetare reprezent\u00e2nd debite provenite din presta\u021bii de asigur\u0103ri sociale\/alte drepturi prev\u0103zute de legi speciale pentru care s-a luat m\u0103sura recuper\u0103rii prin re\u021binere\/compensare;<\/em><\/p>\n<p><em>\u2013 executorii judec\u0103tore\u0219ti, pentru recuperarea crean\u021belor comerciale, inclusiv cele aferente contractelor de credit bancar \u00eenvestite cu formul\u0103 executorie.<\/em><\/p>\n<h2>Anun\u021bul f\u0103cut de Casa de Pensii<\/h2>\n<p><em>\u201ePotrivit prevederilor OUG nr.181\/2020 privind unele m\u0103suri fiscal-bugetare, pentru modificarea \u015fi completarea unor acte normative, precum \u015fi pentru prorogarea unor termene, executarea silit\u0103 prin \u00eenfiin\u021barea popririi a crean\u021belor bugetare, \u00een baza titlurilor executorii emise de organul fiscal central, organele fiscale locale \u0219i casele teritoriale de pensii r\u0103m\u00e2ne suspendat\u0103 sau nu \u00eencepe p\u00e2n\u0103 la data de 25 decembrie 2020 inclusiv.<\/em><\/p>\n<p><em>Sunt avute \u00een vedere popririle dispuse \u00een baza titlurilor executorii emise\/realizate de c\u0103tre:<\/em><\/p>\n<p><em>\u2013 organul fiscal central, \u00een vederea execut\u0103rii silite a crean\u021belor datorate bugetului general consolidat;<\/em><\/p>\n<p><em>\u2013 organele fiscale locale, \u00een vederea execut\u0103rii silite a crean\u021belor datorate bugetelor locale;<\/em><\/p>\n<p><em>\u2013 casele teritoriale de pensii, \u00een vederea recuper\u0103rii crean\u021belor bugetare reprezent\u00e2nd debite provenite din presta\u021bii de asigur\u0103ri sociale\/alte drepturi prev\u0103zute de legi speciale pentru care s-a luat m\u0103sura recuper\u0103rii prin re\u021binere\/compensare;<\/em><\/p>\n<p><em>\u2013 executorii judec\u0103tore\u0219ti, pentru recuperarea crean\u021belor comerciale, inclusiv cele aferente contractelor de credit bancar \u00eenvestite cu formul\u0103 executorie.<\/em><\/p>\n<p><em>La data public\u0103rii OUG nr.181\/2020 presta\u021biile aferente lunii noiembrie a.c. erau deja comunicate la plat\u0103, \u00eens\u0103 trebuie precizat c\u0103 sumele re\u021binute \u00een luna noiembrie vor fi restituite odat\u0103 cu plata drepturilor aferente lunii decembrie 2020.<\/em><\/p>\n<p><em>!! Pentru aplicarea acestei m\u0103suri nu este nevoie de cerere din partea beneficiarilor !!<\/em>\u201d, informeaz\u0103 CNPP.<\/p>\n","protected":false},"excerpt":{"rendered":"<p>Casa Na\u021bional\u0103 de Pensii Publice vine cu un mesaj important pentru pensionari. Sumele re\u021binute prin popriri \u00een luna noiembrie vor fi restituite \u00een decembrie, informeaz\u0103 CNPP. Anun\u021bul f\u0103cut de Casa de Pensii vine \u00een contextul \u00een care, potrivit prevederilor OUG nr.181\/2020 privind unele m\u0103suri fiscal-bugetare, pentru modificarea \u015fi completarea unor acte normative, precum \u015fi pentru [&hellip;]<\/p>\n","protected":false},"author":1,"featured_media":381,"comment_status":"open","ping_status":"open","sticky":false,"template":"","format":"standard","meta":{"footnotes":""},"categories":[3],"tags":[],"class_list":["post-379","post","type-post","status-publish","format-standard","has-post-thumbnail","hentry","category-social"],"_links":{"self":[{"href":"https:\/\/tvgiurgiu.ro\/index.php\/wp-json\/wp\/v2\/posts\/379","targetHints":{"allow":["GET"]}}],"collection":[{"href":"https:\/\/tvgiurgiu.ro\/index.php\/wp-json\/wp\/v2\/posts"}],"about":[{"href":"https:\/\/tvgiurgiu.ro\/index.php\/wp-json\/wp\/v2\/types\/post"}],"author":[{"embeddable":true,"href":"https:\/\/tvgiurgiu.ro\/index.php\/wp-json\/wp\/v2\/users\/1"}],"replies":[{"embeddable":true,"href":"https:\/\/tvgiurgiu.ro\/index.php\/wp-json\/wp\/v2\/comments?post=379"}],"version-history":[{"count":0,"href":"https:\/\/tvgiurgiu.ro\/index.php\/wp-json\/wp\/v2\/posts\/379\/revisions"}],"wp:featuredmedia":[{"embeddable":true,"href":"https:\/\/tvgiurgiu.ro\/index.php\/wp-json\/wp\/v2\/media\/381"}],"wp:attachment":[{"href":"https:\/\/tvgiurgiu.ro\/index.php\/wp-json\/wp\/v2\/media?parent=379"}],"wp:term":[{"taxonomy":"category","embeddable":true,"href":"https:\/\/tvgiurgiu.ro\/index.php\/wp-json\/wp\/v2\/categories?post=379"},{"taxonomy":"post_tag","embeddable":true,"href":"https:\/\/tvgiurgiu.ro\/index.php\/wp-json\/wp\/v2\/tags?post=379"}],"curies":[{"name":"wp","href":"https:\/\/api.w.org\/{rel}","templated":true}]}}