{"id":4084,"date":"2021-05-31T07:44:26","date_gmt":"2021-05-31T07:44:26","guid":{"rendered":"https:\/\/tvgiurgiu.ro\/?p=4084"},"modified":"2021-05-31T07:44:26","modified_gmt":"2021-05-31T07:44:26","slug":"incepe-festivalul-international-al-filmului-ecologist-ecofest-romania-2021","status":"publish","type":"post","link":"https:\/\/tvgiurgiu.ro\/index.php\/2021\/05\/31\/incepe-festivalul-international-al-filmului-ecologist-ecofest-romania-2021\/","title":{"rendered":"\u00cencepe Festivalul Interna\u021bional al Filmului Ecologist ECOFEST Rom\u00e2nia 2021"},"content":{"rendered":"<p>\u00cen perioada <span class=\"d2edcug0 hpfvmrgz qv66sw1b c1et5uql lr9zc1uh a8c37x1j keod5gw0 nxhoafnm aigsh9s9 d3f4x2em fe6kdd0r mau55g9w c8b282yb iv3no6db jq4qci2q a3bd9o3v knj5qynh oo9gr5id hzawbc8m\" dir=\"auto\">7-13 iunie 2021, se desf\u0103\u0219oar\u0103 la Craiova Festivalul Interna\u021bional al Filmului Ecologist ECOFEST Rom\u00e2nia &#8211; Pentru S\u0103n\u0103tatea P\u0103m\u00e2ntului.<\/span><\/p>\n<p>\u00cen cadrul festivalului sunt prezentate cele mai valoroase filme de lung, mediu sau scurt-metraj, documentare sau de anima\u021bie rom\u00e2ne\u0219ti sau str\u0103ine, av\u00e2nd drept tematic\u0103 protec\u021bia mediului \u00eenconjurator sau ecologia sub diversele ei aspecte.<\/p>\n<p>Obiectivul esen\u021bial al festivalului este promovarea \u0219i dezvoltarea \u00een r\u00e2ndul popula\u021biei, \u00eendeosebi a tinerei genera\u021bii, a unei con\u0219tiin\u021be \u0219i atitudini active, militante\u00a0 \u0219i creative pentru protec\u021bia \u0219i salvgardarea naturii \u0219i a mediului \u00eenconjur\u0103tor.<\/p>\n<p>Festivalul se desfa\u0219oar\u0103 anual, \u00een localit\u0103\u021bi \u00een care Asocia\u021bia Pro Familia \u0219i Asocia\u021bia Initiativa Ecologista Europeana organizeaz\u0103 manifestarea Zona Liber\u0103 de Indiferen\u021b\u0103.<\/p>\n<p>&nbsp;<\/p>\n","protected":false},"excerpt":{"rendered":"<p>\u00cen perioada 7-13 iunie 2021, se desf\u0103\u0219oar\u0103 la Craiova Festivalul Interna\u021bional al Filmului Ecologist ECOFEST Rom\u00e2nia &#8211; Pentru S\u0103n\u0103tatea P\u0103m\u00e2ntului. \u00cen cadrul festivalului sunt prezentate cele mai valoroase filme de lung, mediu sau scurt-metraj, documentare sau de anima\u021bie rom\u00e2ne\u0219ti sau str\u0103ine, av\u00e2nd drept tematic\u0103 protec\u021bia mediului \u00eenconjurator sau ecologia sub diversele ei aspecte. Obiectivul esen\u021bial [&hellip;]<\/p>\n","protected":false},"author":1,"featured_media":4085,"comment_status":"open","ping_status":"open","sticky":false,"template":"","format":"standard","meta":{"footnotes":""},"categories":[2],"tags":[],"class_list":["post-4084","post","type-post","status-publish","format-standard","has-post-thumbnail","hentry","category-actualitate"],"_links":{"self":[{"href":"https:\/\/tvgiurgiu.ro\/index.php\/wp-json\/wp\/v2\/posts\/4084","targetHints":{"allow":["GET"]}}],"collection":[{"href":"https:\/\/tvgiurgiu.ro\/index.php\/wp-json\/wp\/v2\/posts"}],"about":[{"href":"https:\/\/tvgiurgiu.ro\/index.php\/wp-json\/wp\/v2\/types\/post"}],"author":[{"embeddable":true,"href":"https:\/\/tvgiurgiu.ro\/index.php\/wp-json\/wp\/v2\/users\/1"}],"replies":[{"embeddable":true,"href":"https:\/\/tvgiurgiu.ro\/index.php\/wp-json\/wp\/v2\/comments?post=4084"}],"version-history":[{"count":0,"href":"https:\/\/tvgiurgiu.ro\/index.php\/wp-json\/wp\/v2\/posts\/4084\/revisions"}],"wp:featuredmedia":[{"embeddable":true,"href":"https:\/\/tvgiurgiu.ro\/index.php\/wp-json\/wp\/v2\/media\/4085"}],"wp:attachment":[{"href":"https:\/\/tvgiurgiu.ro\/index.php\/wp-json\/wp\/v2\/media?parent=4084"}],"wp:term":[{"taxonomy":"category","embeddable":true,"href":"https:\/\/tvgiurgiu.ro\/index.php\/wp-json\/wp\/v2\/categories?post=4084"},{"taxonomy":"post_tag","embeddable":true,"href":"https:\/\/tvgiurgiu.ro\/index.php\/wp-json\/wp\/v2\/tags?post=4084"}],"curies":[{"name":"wp","href":"https:\/\/api.w.org\/{rel}","templated":true}]}}