{"id":4144,"date":"2021-06-28T07:34:15","date_gmt":"2021-06-28T07:34:15","guid":{"rendered":"https:\/\/tvgiurgiu.ro\/?p=4144"},"modified":"2021-06-28T07:34:15","modified_gmt":"2021-06-28T07:34:15","slug":"s-a-redeschis-strandul-faro-din-portul-giurgiu","status":"publish","type":"post","link":"https:\/\/tvgiurgiu.ro\/index.php\/2021\/06\/28\/s-a-redeschis-strandul-faro-din-portul-giurgiu\/","title":{"rendered":"S-a redeschis \u0219trandul \u201eFaro\u201d din Portul Giurgiu!"},"content":{"rendered":"<p>Este amplasat pe malul Dun\u0103rii \u0219i se num\u0103r\u0103 printre cele mai vizitate din jude\u021b. \u0218trandul Faro apar\u021bine de Complexul Perla, din Portul Giurgiu, \u0219i pune la dispozi\u021bie\u00a0dou\u0103 bazine, unul pentru copii \u015fi altul pentru adul\u0163i, du\u015furi, \u015fezlonguri, baldachine, bar, cafenea\u2026 \u015fi cea mai mare plaj\u0103 cu nisip din ora\u015f!<\/p>\n<h2 class=\"grg-postheader\">Hai la b\u0103l\u0103ceal\u0103!<\/h2>\n<div id='gallery-1' class='gallery galleryid-4144 gallery-columns-1 gallery-size-large'><figure class='gallery-item'>\n\t\t\t<div class='gallery-icon landscape'>\n\t\t\t\t<a href='https:\/\/tvgiurgiu.ro\/index.php\/2021\/06\/28\/s-a-redeschis-strandul-faro-din-portul-giurgiu\/dcim100mediadji_0781-jpg\/'><img loading=\"lazy\" decoding=\"async\" width=\"640\" height=\"360\" src=\"https:\/\/tvgiurgiu.ro\/wp-content\/uploads\/2021\/06\/DJI_0781-1024x576.jpg\" class=\"attachment-large size-large\" alt=\"DCIM100MEDIADJI_0781.JPG\" aria-describedby=\"gallery-1-4145\" srcset=\"https:\/\/tvgiurgiu.ro\/wp-content\/uploads\/2021\/06\/DJI_0781-1024x576.jpg 1024w, https:\/\/tvgiurgiu.ro\/wp-content\/uploads\/2021\/06\/DJI_0781-300x169.jpg 300w, https:\/\/tvgiurgiu.ro\/wp-content\/uploads\/2021\/06\/DJI_0781-768x432.jpg 768w, https:\/\/tvgiurgiu.ro\/wp-content\/uploads\/2021\/06\/DJI_0781.jpg 1280w\" sizes=\"auto, (max-width: 640px) 100vw, 640px\" \/><\/a>\n\t\t\t<\/div>\n\t\t\t\t<figcaption class='wp-caption-text gallery-caption' id='gallery-1-4145'>\n\t\t\t\tDCIM100MEDIADJI_0781.JPG\n\t\t\t\t<\/figcaption><\/figure><figure class='gallery-item'>\n\t\t\t<div class='gallery-icon landscape'>\n\t\t\t\t<a href='https:\/\/tvgiurgiu.ro\/index.php\/2021\/06\/28\/s-a-redeschis-strandul-faro-din-portul-giurgiu\/dcim100mediadji_0782-jpg\/'><img loading=\"lazy\" decoding=\"async\" width=\"640\" height=\"360\" src=\"https:\/\/tvgiurgiu.ro\/wp-content\/uploads\/2021\/06\/DJI_0782-1024x576.jpg\" class=\"attachment-large size-large\" alt=\"DCIM100MEDIADJI_0782.JPG\" aria-describedby=\"gallery-1-4146\" srcset=\"https:\/\/tvgiurgiu.ro\/wp-content\/uploads\/2021\/06\/DJI_0782-1024x576.jpg 1024w, https:\/\/tvgiurgiu.ro\/wp-content\/uploads\/2021\/06\/DJI_0782-300x169.jpg 300w, https:\/\/tvgiurgiu.ro\/wp-content\/uploads\/2021\/06\/DJI_0782-768x432.jpg 768w, https:\/\/tvgiurgiu.ro\/wp-content\/uploads\/2021\/06\/DJI_0782.jpg 1280w\" sizes=\"auto, (max-width: 640px) 100vw, 640px\" \/><\/a>\n\t\t\t<\/div>\n\t\t\t\t<figcaption class='wp-caption-text gallery-caption' id='gallery-1-4146'>\n\t\t\t\tDCIM100MEDIADJI_0782.JPG\n\t\t\t\t<\/figcaption><\/figure><figure class='gallery-item'>\n\t\t\t<div class='gallery-icon landscape'>\n\t\t\t\t<a href='https:\/\/tvgiurgiu.ro\/index.php\/2021\/06\/28\/s-a-redeschis-strandul-faro-din-portul-giurgiu\/dcim100mediadji_0784-jpg\/'><img loading=\"lazy\" decoding=\"async\" width=\"640\" height=\"360\" src=\"https:\/\/tvgiurgiu.ro\/wp-content\/uploads\/2021\/06\/DJI_0784-1024x576.jpg\" class=\"attachment-large size-large\" alt=\"DCIM100MEDIADJI_0784.JPG\" aria-describedby=\"gallery-1-4147\" srcset=\"https:\/\/tvgiurgiu.ro\/wp-content\/uploads\/2021\/06\/DJI_0784-1024x576.jpg 1024w, https:\/\/tvgiurgiu.ro\/wp-content\/uploads\/2021\/06\/DJI_0784-300x169.jpg 300w, https:\/\/tvgiurgiu.ro\/wp-content\/uploads\/2021\/06\/DJI_0784-768x432.jpg 768w, https:\/\/tvgiurgiu.ro\/wp-content\/uploads\/2021\/06\/DJI_0784.jpg 1280w\" sizes=\"auto, (max-width: 640px) 100vw, 640px\" \/><\/a>\n\t\t\t<\/div>\n\t\t\t\t<figcaption class='wp-caption-text gallery-caption' id='gallery-1-4147'>\n\t\t\t\tDCIM100MEDIADJI_0784.JPG\n\t\t\t\t<\/figcaption><\/figure><figure class='gallery-item'>\n\t\t\t<div class='gallery-icon landscape'>\n\t\t\t\t<a href='https:\/\/tvgiurgiu.ro\/index.php\/2021\/06\/28\/s-a-redeschis-strandul-faro-din-portul-giurgiu\/dcim100mediadji_0785-jpg\/'><img loading=\"lazy\" decoding=\"async\" width=\"640\" height=\"360\" src=\"https:\/\/tvgiurgiu.ro\/wp-content\/uploads\/2021\/06\/DJI_0785-1024x576.jpg\" class=\"attachment-large size-large\" alt=\"DCIM100MEDIADJI_0785.JPG\" aria-describedby=\"gallery-1-4148\" srcset=\"https:\/\/tvgiurgiu.ro\/wp-content\/uploads\/2021\/06\/DJI_0785-1024x576.jpg 1024w, https:\/\/tvgiurgiu.ro\/wp-content\/uploads\/2021\/06\/DJI_0785-300x169.jpg 300w, https:\/\/tvgiurgiu.ro\/wp-content\/uploads\/2021\/06\/DJI_0785-768x432.jpg 768w, https:\/\/tvgiurgiu.ro\/wp-content\/uploads\/2021\/06\/DJI_0785.jpg 1280w\" sizes=\"auto, (max-width: 640px) 100vw, 640px\" \/><\/a>\n\t\t\t<\/div>\n\t\t\t\t<figcaption class='wp-caption-text gallery-caption' id='gallery-1-4148'>\n\t\t\t\tDCIM100MEDIADJI_0785.JPG\n\t\t\t\t<\/figcaption><\/figure><figure class='gallery-item'>\n\t\t\t<div class='gallery-icon landscape'>\n\t\t\t\t<a href='https:\/\/tvgiurgiu.ro\/index.php\/2021\/06\/28\/s-a-redeschis-strandul-faro-din-portul-giurgiu\/dcim100mediadji_0787-jpg\/'><img loading=\"lazy\" decoding=\"async\" width=\"640\" height=\"360\" src=\"https:\/\/tvgiurgiu.ro\/wp-content\/uploads\/2021\/06\/DJI_0787-1024x576.jpg\" class=\"attachment-large size-large\" alt=\"DCIM100MEDIADJI_0787.JPG\" aria-describedby=\"gallery-1-4149\" srcset=\"https:\/\/tvgiurgiu.ro\/wp-content\/uploads\/2021\/06\/DJI_0787-1024x576.jpg 1024w, https:\/\/tvgiurgiu.ro\/wp-content\/uploads\/2021\/06\/DJI_0787-300x169.jpg 300w, https:\/\/tvgiurgiu.ro\/wp-content\/uploads\/2021\/06\/DJI_0787-768x432.jpg 768w, https:\/\/tvgiurgiu.ro\/wp-content\/uploads\/2021\/06\/DJI_0787.jpg 1280w\" sizes=\"auto, (max-width: 640px) 100vw, 640px\" \/><\/a>\n\t\t\t<\/div>\n\t\t\t\t<figcaption class='wp-caption-text gallery-caption' id='gallery-1-4149'>\n\t\t\t\tDCIM100MEDIADJI_0787.JPG\n\t\t\t\t<\/figcaption><\/figure><figure class='gallery-item'>\n\t\t\t<div class='gallery-icon landscape'>\n\t\t\t\t<a href='https:\/\/tvgiurgiu.ro\/index.php\/2021\/06\/28\/s-a-redeschis-strandul-faro-din-portul-giurgiu\/dcim100mediadji_0789-jpg\/'><img loading=\"lazy\" decoding=\"async\" width=\"640\" height=\"360\" src=\"https:\/\/tvgiurgiu.ro\/wp-content\/uploads\/2021\/06\/DJI_0789-1024x576.jpg\" class=\"attachment-large size-large\" alt=\"DCIM100MEDIADJI_0789.JPG\" aria-describedby=\"gallery-1-4150\" srcset=\"https:\/\/tvgiurgiu.ro\/wp-content\/uploads\/2021\/06\/DJI_0789-1024x576.jpg 1024w, https:\/\/tvgiurgiu.ro\/wp-content\/uploads\/2021\/06\/DJI_0789-300x169.jpg 300w, https:\/\/tvgiurgiu.ro\/wp-content\/uploads\/2021\/06\/DJI_0789-768x432.jpg 768w, https:\/\/tvgiurgiu.ro\/wp-content\/uploads\/2021\/06\/DJI_0789.jpg 1280w\" sizes=\"auto, (max-width: 640px) 100vw, 640px\" \/><\/a>\n\t\t\t<\/div>\n\t\t\t\t<figcaption class='wp-caption-text gallery-caption' id='gallery-1-4150'>\n\t\t\t\tDCIM100MEDIADJI_0789.JPG\n\t\t\t\t<\/figcaption><\/figure>\n\t\t<\/div>\n\n<p>sursa foto: Tim Drone<\/p>\n","protected":false},"excerpt":{"rendered":"<p>Este amplasat pe malul Dun\u0103rii \u0219i se num\u0103r\u0103 printre cele mai vizitate din jude\u021b. \u0218trandul Faro apar\u021bine de Complexul Perla, din Portul Giurgiu, \u0219i pune la dispozi\u021bie\u00a0dou\u0103 bazine, unul pentru copii \u015fi altul pentru adul\u0163i, du\u015furi, \u015fezlonguri, baldachine, bar, cafenea\u2026 \u015fi cea mai mare plaj\u0103 cu nisip din ora\u015f! Hai la b\u0103l\u0103ceal\u0103! sursa foto: Tim [&hellip;]<\/p>\n","protected":false},"author":1,"featured_media":4149,"comment_status":"open","ping_status":"open","sticky":false,"template":"","format":"standard","meta":{"footnotes":""},"categories":[2],"tags":[],"class_list":["post-4144","post","type-post","status-publish","format-standard","has-post-thumbnail","hentry","category-actualitate"],"_links":{"self":[{"href":"https:\/\/tvgiurgiu.ro\/index.php\/wp-json\/wp\/v2\/posts\/4144","targetHints":{"allow":["GET"]}}],"collection":[{"href":"https:\/\/tvgiurgiu.ro\/index.php\/wp-json\/wp\/v2\/posts"}],"about":[{"href":"https:\/\/tvgiurgiu.ro\/index.php\/wp-json\/wp\/v2\/types\/post"}],"author":[{"embeddable":true,"href":"https:\/\/tvgiurgiu.ro\/index.php\/wp-json\/wp\/v2\/users\/1"}],"replies":[{"embeddable":true,"href":"https:\/\/tvgiurgiu.ro\/index.php\/wp-json\/wp\/v2\/comments?post=4144"}],"version-history":[{"count":0,"href":"https:\/\/tvgiurgiu.ro\/index.php\/wp-json\/wp\/v2\/posts\/4144\/revisions"}],"wp:featuredmedia":[{"embeddable":true,"href":"https:\/\/tvgiurgiu.ro\/index.php\/wp-json\/wp\/v2\/media\/4149"}],"wp:attachment":[{"href":"https:\/\/tvgiurgiu.ro\/index.php\/wp-json\/wp\/v2\/media?parent=4144"}],"wp:term":[{"taxonomy":"category","embeddable":true,"href":"https:\/\/tvgiurgiu.ro\/index.php\/wp-json\/wp\/v2\/categories?post=4144"},{"taxonomy":"post_tag","embeddable":true,"href":"https:\/\/tvgiurgiu.ro\/index.php\/wp-json\/wp\/v2\/tags?post=4144"}],"curies":[{"name":"wp","href":"https:\/\/api.w.org\/{rel}","templated":true}]}}