{"id":4343,"date":"2021-09-24T08:18:24","date_gmt":"2021-09-24T08:18:24","guid":{"rendered":"https:\/\/tvgiurgiu.ro\/?p=4343"},"modified":"2021-09-24T08:18:24","modified_gmt":"2021-09-24T08:18:24","slug":"impreuna-la-bine-si-la-rau","status":"publish","type":"post","link":"https:\/\/tvgiurgiu.ro\/index.php\/2021\/09\/24\/impreuna-la-bine-si-la-rau\/","title":{"rendered":"\u00cempreun\u0103 la bine \u0219i la r\u0103u"},"content":{"rendered":"<p>26 DE CUPLURI DIN MUNICIPIU CARE AU \u00ceMPLINIT 50 DE ANI<br \/>\nDE C\u0102S\u0102TORIE AU FOST PREMIATE JOI DE AUTORIT\u0102\u021aILE<br \/>\nLOCALE \u00ceN CADRUL UNUI EVENIMENT DESF\u0102\u0218URAT LA<br \/>\nATENEUL \u201eNICOLAE B\u0102L\u0102NESCU\u201d. PE L\u00c2NG\u0102 FESTIVITATEA<br \/>\nDE PREMIERE, S\u0102RB\u0102TORI\u021aII AU AVUT PARTE \u0218I DE UN<br \/>\nMOMENT ARTISTIC OFERIT DE CENTRUL CULTURAL \u201eION<br \/>\nVINEA\u201d.<\/p>\n<p>Vremea instabil\u0103 a determinat autorit\u0103\u021bile locale s\u0103 organizeze<br \/>\ntradi\u021bionala festivitate de premiere a cuplurilor care au \u00eemplinit 50 de ani<br \/>\nde c\u0103s\u0103torie la Ateneul \u201eNicolae B\u0103l\u0103nescu\u201d.<br \/>\nEvenimentul a debutat cu o surpriz\u0103 pentru s\u0103rb\u0103tori\u021bi, un moment<br \/>\nfolcloric oferit de orchestra Centrului Cultural \u201eIon Vinea\u201d.<\/p>\n<p>Dup\u0103 acest moment artistic s-a trecut la acordarea festivit\u0103\u021bii propriu-zise,<br \/>\nprimarul Adrian Anghelescu av\u00e2nd un mesaj pentru cei care au ajuns la<br \/>\n50 de ani de c\u0103s\u0103torie.<\/p>\n<p>R\u00e2nd pe r\u00e2nd, pe scen\u0103 au urcat s\u0103rb\u0103tori\u021bii zilei, \u00een total 26 de familii,<br \/>\ncare au primit c\u00e2te 500 de lei, flori \u0219i o diplom\u0103 de merit.<br \/>\nA urmat o poz\u0103 de grup, dup\u0103 care s-a trecut la ciocnirea unui pahar de<br \/>\n\u0219ampanie \u0219i la dep\u0103narea de amintiri.<\/p>\n<p>\u00cen afara celor 26 de familii s\u0103rb\u0103torite joi, Prim\u0103ria municipiului Giurgiu<br \/>\na mai premiat \u00een prim\u0103var\u0103 alte 23 de cupluri care au \u00eemplinit 50 de ani<br \/>\nde c\u0103snicie.<\/p>\n","protected":false},"excerpt":{"rendered":"<p>26 DE CUPLURI DIN MUNICIPIU CARE AU \u00ceMPLINIT 50 DE ANI DE C\u0102S\u0102TORIE AU FOST PREMIATE JOI DE AUTORIT\u0102\u021aILE LOCALE \u00ceN CADRUL UNUI EVENIMENT DESF\u0102\u0218URAT LA ATENEUL \u201eNICOLAE B\u0102L\u0102NESCU\u201d. PE L\u00c2NG\u0102 FESTIVITATEA DE PREMIERE, S\u0102RB\u0102TORI\u021aII AU AVUT PARTE \u0218I DE UN MOMENT ARTISTIC OFERIT DE CENTRUL CULTURAL \u201eION VINEA\u201d. Vremea instabil\u0103 a determinat autorit\u0103\u021bile locale [&hellip;]<\/p>\n","protected":false},"author":1,"featured_media":4344,"comment_status":"open","ping_status":"open","sticky":false,"template":"","format":"standard","meta":{"footnotes":""},"categories":[2,5],"tags":[],"class_list":["post-4343","post","type-post","status-publish","format-standard","has-post-thumbnail","hentry","category-actualitate","category-cultura-giurgiu"],"_links":{"self":[{"href":"https:\/\/tvgiurgiu.ro\/index.php\/wp-json\/wp\/v2\/posts\/4343","targetHints":{"allow":["GET"]}}],"collection":[{"href":"https:\/\/tvgiurgiu.ro\/index.php\/wp-json\/wp\/v2\/posts"}],"about":[{"href":"https:\/\/tvgiurgiu.ro\/index.php\/wp-json\/wp\/v2\/types\/post"}],"author":[{"embeddable":true,"href":"https:\/\/tvgiurgiu.ro\/index.php\/wp-json\/wp\/v2\/users\/1"}],"replies":[{"embeddable":true,"href":"https:\/\/tvgiurgiu.ro\/index.php\/wp-json\/wp\/v2\/comments?post=4343"}],"version-history":[{"count":0,"href":"https:\/\/tvgiurgiu.ro\/index.php\/wp-json\/wp\/v2\/posts\/4343\/revisions"}],"wp:featuredmedia":[{"embeddable":true,"href":"https:\/\/tvgiurgiu.ro\/index.php\/wp-json\/wp\/v2\/media\/4344"}],"wp:attachment":[{"href":"https:\/\/tvgiurgiu.ro\/index.php\/wp-json\/wp\/v2\/media?parent=4343"}],"wp:term":[{"taxonomy":"category","embeddable":true,"href":"https:\/\/tvgiurgiu.ro\/index.php\/wp-json\/wp\/v2\/categories?post=4343"},{"taxonomy":"post_tag","embeddable":true,"href":"https:\/\/tvgiurgiu.ro\/index.php\/wp-json\/wp\/v2\/tags?post=4343"}],"curies":[{"name":"wp","href":"https:\/\/api.w.org\/{rel}","templated":true}]}}