{"id":4346,"date":"2021-09-24T08:21:04","date_gmt":"2021-09-24T08:21:04","guid":{"rendered":"https:\/\/tvgiurgiu.ro\/?p=4346"},"modified":"2021-09-24T08:21:04","modified_gmt":"2021-09-24T08:21:04","slug":"a-inceput-targul-de-carte","status":"publish","type":"post","link":"https:\/\/tvgiurgiu.ro\/index.php\/2021\/09\/24\/a-inceput-targul-de-carte\/","title":{"rendered":"A \u00eenceput T\u00e2rgul de Carte"},"content":{"rendered":"<p>EDI\u021aIA CU NUM\u0102RUL PATRU A T\u00c2RGULUI DE CARTE A<br \/>\nDEBUTAT JOI DIMINEA\u021a\u0102 \u00ceN GR\u0102DINA SEDIULUI BIBLIOTECII<br \/>\nJUDE\u021aENE DIN STARDA \u0218TEFAN CEL MARE. NOU\u0102 EDITURI,<br \/>\nLANS\u0102RI DE CARTE, SCRIITORI CUNOSCU\u021aI DAR \u0218I PROIECTUL<br \/>\n\u201eBIBLIOTECA VIE\u201d CARE CUPRINDE DISCU\u021aII CU DE\u021aINU\u021aI AI<br \/>\nPENITENCIARULUI GIURGIU, SUNT DOAR C\u00c2TEVA DIN AC\u021aIUNILE<br \/>\nORGANIZATE DE BIBLIOTECA JUDE\u021aEAN\u0102 I.A. BASSARABESCU \u00ceN<br \/>\nCADRUL T\u00c2RGULUI DE CARTE.<\/p>\n<p>Ziua de joi a fost una important\u0103 at\u00e2t pentru Biblioteca jude\u021bean\u0103<br \/>\n\u201eI.A.Bassarabescu\u201d Giurgiu c\u00e2t \u0219i pentru iubitorii de cartea, aceasta fiind ziua \u00een<br \/>\ncare a debutat cea de-a patra edi\u021bie a T\u00e2rgului de Carte. Evenimentul este unul<br \/>\ndeosebit pentru institu\u021bia de cultur\u0103, aceasta num\u0103r\u00e2ndu-se printre pu\u021binele<br \/>\nbiblioteci din \u021bar\u0103 care organizeaz\u0103 o astfel de ac\u021biune cultural\u0103.<\/p>\n<p>La evenimentul care a debutat joi, 23 septembrie \u0219i se va \u00eencheia vineri, 24<br \/>\nseptembrie i-au parte nou\u0103 edituri din \u021bar\u0103 la care se adaug\u0103 un num\u0103r mare de<br \/>\nscriitori din toate genera\u021biile.<\/p>\n<p>Pe l\u00e2ng\u0103 Direc\u021bia jude\u021bean\u0103 pentru Cultur\u0103 Giurgiu \u0219i Clubul Inner Wheel<br \/>\nDanubius \u00een cadrul T\u00e2rgului de Carte organizat de Biblioteca jude\u021bean\u0103<br \/>\n\u201eI.A.Bassarabescu\u201d \u0219i Penitenciarul Giurgiu a fost implicat printr-o sec\u021biune<br \/>\namplasat\u0103 pe spa\u021biul verde al gr\u0103dinii institu\u021biei, unde cei prezen\u021bi au putut afla<br \/>\npove\u0219tile unor de\u021binu\u021bi prezen\u021bi la eveniment.<\/p>\n<p>Edi\u021bia cu num\u0103rul patru a T\u00e2rgului de Carte va continua m\u00e2ine, 24 septembrie cu<br \/>\n\u00eencepe de la ora 10:30, atunci c\u00e2nd este programat\u0103 lansarea c\u0103r\u021bii \u201eKarma-i o<br \/>\nzdrean\u021b\u0103\u201d scris\u0103 de Simona T\u0103n\u0103sescu. De asemenea, cunoscuta scriitoare va<br \/>\ndiscuta al\u0103turi de Alina Ioana Dinu \u0219i Iasmina Coman despre literatura de<br \/>\ndragoste.<\/p>\n<p>Dup\u0103 lansarea de carte de la ora 10:30, la ora 11:00 regizorul \u0219i actorul rom\u00e2n,<br \/>\nDan Puric va sus\u021bine o conferin\u021b\u0103 de pres\u0103, apoi se va trece la premierea<br \/>\nc\u00e2\u0219tig\u0103torilor concursului \u201eJude\u021bul Giurgiu \u00een viziunea tinerilor: Tradi\u021bii,<br \/>\nobiceiuri, atrac\u021bii turistice\u201d \u0219i a participan\u021bilor edi\u021bie cu num\u0103rul IX a<br \/>\nparteneriatului educa\u021bional \u201ePrietenie &#8230; pe o &#8230; sfor\u0103 &#8230;. virtual\u0103\u201d.<\/p>\n","protected":false},"excerpt":{"rendered":"<p>EDI\u021aIA CU NUM\u0102RUL PATRU A T\u00c2RGULUI DE CARTE A DEBUTAT JOI DIMINEA\u021a\u0102 \u00ceN GR\u0102DINA SEDIULUI BIBLIOTECII JUDE\u021aENE DIN STARDA \u0218TEFAN CEL MARE. NOU\u0102 EDITURI, LANS\u0102RI DE CARTE, SCRIITORI CUNOSCU\u021aI DAR \u0218I PROIECTUL \u201eBIBLIOTECA VIE\u201d CARE CUPRINDE DISCU\u021aII CU DE\u021aINU\u021aI AI PENITENCIARULUI GIURGIU, SUNT DOAR C\u00c2TEVA DIN AC\u021aIUNILE ORGANIZATE DE BIBLIOTECA JUDE\u021aEAN\u0102 I.A. BASSARABESCU \u00ceN CADRUL [&hellip;]<\/p>\n","protected":false},"author":1,"featured_media":4347,"comment_status":"open","ping_status":"open","sticky":false,"template":"","format":"standard","meta":{"footnotes":""},"categories":[2,5],"tags":[],"class_list":["post-4346","post","type-post","status-publish","format-standard","has-post-thumbnail","hentry","category-actualitate","category-cultura-giurgiu"],"_links":{"self":[{"href":"https:\/\/tvgiurgiu.ro\/index.php\/wp-json\/wp\/v2\/posts\/4346","targetHints":{"allow":["GET"]}}],"collection":[{"href":"https:\/\/tvgiurgiu.ro\/index.php\/wp-json\/wp\/v2\/posts"}],"about":[{"href":"https:\/\/tvgiurgiu.ro\/index.php\/wp-json\/wp\/v2\/types\/post"}],"author":[{"embeddable":true,"href":"https:\/\/tvgiurgiu.ro\/index.php\/wp-json\/wp\/v2\/users\/1"}],"replies":[{"embeddable":true,"href":"https:\/\/tvgiurgiu.ro\/index.php\/wp-json\/wp\/v2\/comments?post=4346"}],"version-history":[{"count":0,"href":"https:\/\/tvgiurgiu.ro\/index.php\/wp-json\/wp\/v2\/posts\/4346\/revisions"}],"wp:featuredmedia":[{"embeddable":true,"href":"https:\/\/tvgiurgiu.ro\/index.php\/wp-json\/wp\/v2\/media\/4347"}],"wp:attachment":[{"href":"https:\/\/tvgiurgiu.ro\/index.php\/wp-json\/wp\/v2\/media?parent=4346"}],"wp:term":[{"taxonomy":"category","embeddable":true,"href":"https:\/\/tvgiurgiu.ro\/index.php\/wp-json\/wp\/v2\/categories?post=4346"},{"taxonomy":"post_tag","embeddable":true,"href":"https:\/\/tvgiurgiu.ro\/index.php\/wp-json\/wp\/v2\/tags?post=4346"}],"curies":[{"name":"wp","href":"https:\/\/api.w.org\/{rel}","templated":true}]}}