{"id":4352,"date":"2021-09-24T08:26:33","date_gmt":"2021-09-24T08:26:33","guid":{"rendered":"https:\/\/tvgiurgiu.ro\/?p=4352"},"modified":"2021-09-24T08:26:33","modified_gmt":"2021-09-24T08:26:33","slug":"o-clasare-cat-mai-buna","status":"publish","type":"post","link":"https:\/\/tvgiurgiu.ro\/index.php\/2021\/09\/24\/o-clasare-cat-mai-buna\/","title":{"rendered":"O clasare c\u00e2t mai bun\u0103"},"content":{"rendered":"<p>ECHIPA DE FOTBAL FEMININ A SCM DUN\u0102REA GIURGIU VA<br \/>\nDEBUTA \u00ceN NOUL SEZON DUMINIC\u0102, PE TEREN PROPRIU<br \/>\nCONTRA CELOR DE LA FC VOLUTARI. FORMA\u021aIA ILFOVEAN\u0102<br \/>\nESTE NOU-\u00ceNFIIN\u021aAT\u0102, URM\u00c2ND S\u0102 ACTIVEZE \u00ceN PREMIER\u0102<br \/>\n\u00ceN LIGA A III-A.<\/p>\n<p>Repartizat\u0103 \u00een Seria I a celui de-al treilea e\u0219alon al fotbalului feminin<br \/>\nrom\u00e2nesc, SCM Dun\u0103rea Giurgiu va debuta \u00een noul sezon pe 27<br \/>\nseptembrie.<br \/>\nPe stadionul din Port urmeaz\u0103 s\u0103 soseasc\u0103 FC Voluntari, forma\u021bie care \u0219i-<br \/>\na \u00eenscris \u00een premier\u0103 o echip\u0103 de fete \u00een Liga a III-a.<br \/>\nClubul municipalit\u0103\u021bii se va baza \u0219i \u00een aceast\u0103 stagiune pe sportive tinere<br \/>\n\u0219i foarte tinere, media de v\u00e2rst\u0103 fiind sub 20 de ani.<\/p>\n<p>Al\u0103turi de SCM Dun\u0103rea \u0219i FC Voluntari \u00een aceast\u0103 serie vor mai evolua<br \/>\no echip\u0103 din Dobrogea (Zimbrul Tulcea), dou\u0103 din Moldova (CSM<br \/>\nPa\u0219cani \u0219i Estera \u021aife\u0219ti &#8211; Vrancea), plus una din Transilvania (Sepsi<br \/>\nSf\u00e2ntu Gheorghe).<br \/>\nReprezentantan\u021bii clubului giurgiuvean au vorbit \u0219i despre planurile din<br \/>\nacest sezon.<\/p>\n<p>\u00cen anii 90, Giurgiu a avut o echip\u0103 important\u0103 \u00een fotbalul feminin<br \/>\nrom\u00e2nesc.<\/p>\n<p>Este vorba despre AS Dun\u0103rea, care a activat mai multe sezoane inclusiv<br \/>\n\u00een primul e\u0219alon, cea mai bun\u0103 clasare fiind locul 4.<br \/>\nDesfiin\u021bat\u0103 din lips\u0103 de fonduri, sec\u021bia de fotbal feminin a fost re\u00eenfiin\u021bat\u0103<br \/>\n\u00een anul 2017, particip\u00e2nd cu o echip\u0103 de senioare \u00een ultimele trei sezoane<br \/>\nale Ligii a III-a.<\/p>\n","protected":false},"excerpt":{"rendered":"<p>ECHIPA DE FOTBAL FEMININ A SCM DUN\u0102REA GIURGIU VA DEBUTA \u00ceN NOUL SEZON DUMINIC\u0102, PE TEREN PROPRIU CONTRA CELOR DE LA FC VOLUTARI. FORMA\u021aIA ILFOVEAN\u0102 ESTE NOU-\u00ceNFIIN\u021aAT\u0102, URM\u00c2ND S\u0102 ACTIVEZE \u00ceN PREMIER\u0102 \u00ceN LIGA A III-A. Repartizat\u0103 \u00een Seria I a celui de-al treilea e\u0219alon al fotbalului feminin rom\u00e2nesc, SCM Dun\u0103rea Giurgiu va debuta \u00een [&hellip;]<\/p>\n","protected":false},"author":1,"featured_media":4353,"comment_status":"open","ping_status":"open","sticky":false,"template":"","format":"standard","meta":{"footnotes":""},"categories":[13],"tags":[],"class_list":["post-4352","post","type-post","status-publish","format-standard","has-post-thumbnail","hentry","category-sport"],"_links":{"self":[{"href":"https:\/\/tvgiurgiu.ro\/index.php\/wp-json\/wp\/v2\/posts\/4352","targetHints":{"allow":["GET"]}}],"collection":[{"href":"https:\/\/tvgiurgiu.ro\/index.php\/wp-json\/wp\/v2\/posts"}],"about":[{"href":"https:\/\/tvgiurgiu.ro\/index.php\/wp-json\/wp\/v2\/types\/post"}],"author":[{"embeddable":true,"href":"https:\/\/tvgiurgiu.ro\/index.php\/wp-json\/wp\/v2\/users\/1"}],"replies":[{"embeddable":true,"href":"https:\/\/tvgiurgiu.ro\/index.php\/wp-json\/wp\/v2\/comments?post=4352"}],"version-history":[{"count":0,"href":"https:\/\/tvgiurgiu.ro\/index.php\/wp-json\/wp\/v2\/posts\/4352\/revisions"}],"wp:featuredmedia":[{"embeddable":true,"href":"https:\/\/tvgiurgiu.ro\/index.php\/wp-json\/wp\/v2\/media\/4353"}],"wp:attachment":[{"href":"https:\/\/tvgiurgiu.ro\/index.php\/wp-json\/wp\/v2\/media?parent=4352"}],"wp:term":[{"taxonomy":"category","embeddable":true,"href":"https:\/\/tvgiurgiu.ro\/index.php\/wp-json\/wp\/v2\/categories?post=4352"},{"taxonomy":"post_tag","embeddable":true,"href":"https:\/\/tvgiurgiu.ro\/index.php\/wp-json\/wp\/v2\/tags?post=4352"}],"curies":[{"name":"wp","href":"https:\/\/api.w.org\/{rel}","templated":true}]}}