{"id":4375,"date":"2021-09-24T09:07:27","date_gmt":"2021-09-24T09:07:27","guid":{"rendered":"https:\/\/tvgiurgiu.ro\/?p=4375"},"modified":"2021-09-24T09:07:27","modified_gmt":"2021-09-24T09:07:27","slug":"barbat-implicat-intr-un-eveniment-rutier-depistat-sub-influenta-drogurilor-si-cu-permisul-de-conducere-suspendat","status":"publish","type":"post","link":"https:\/\/tvgiurgiu.ro\/index.php\/2021\/09\/24\/barbat-implicat-intr-un-eveniment-rutier-depistat-sub-influenta-drogurilor-si-cu-permisul-de-conducere-suspendat\/","title":{"rendered":"B\u0102RBAT IMPLICAT \u00ceNTR-UN EVENIMENT RUTIER, DEPISTAT SUB INFLUEN\u021aA DROGURILOR \u0218I CU PERMISUL DE CONDUCERE  SUSPENDAT"},"content":{"rendered":"<p>La data de 23 septembrie a.c., \u00een comuna Oinacu, jude\u021bul Giurgiu, a avut loc un<br \/>\neveniment rutier \u00een care au fost implicate dou\u0103 autovehicule, respectiv un utilaj agricol<br \/>\n\u0219i un autoturism.<br \/>\n\u00cen urma evenimentului rutier, a rezultat r\u0103nirea conduc\u0103torului autoturismului, un b\u0103rbat<br \/>\nde 33 de ani din municipiul Giurgiu, care a fost transportat la spital pentru acordarea de<br \/>\n\u00eengrijiri medicale.<br \/>\n\u00cen urma verific\u0103rilor efectuate de c\u0103tre poli\u021bi\u0219ti s-a constatat faptul c\u0103 \u0219oferul<br \/>\nautoturismului avea permisul de conducere suspendat.<br \/>\nDe asemenea, acesta a fost testat cu aparatul DrugTest, rezultatul fiind pozitiv.<br \/>\nAt\u00e2t conduc\u0103torul autoturismului, c\u00e2t \u0219i cel al utilajului agricol, un b\u0103rbat de 34 de ani<br \/>\ndin comuna Comasca, jude\u021bul Giurgiu, au fost testa\u021bi cu aparatul etilotest Drager,<br \/>\nrezultatele fiind 0.<br \/>\n\u00cen cauz\u0103 a fost \u00eentocmit dosar penal \u00een care se efectueaz\u0103 cercet\u0103ri sub aspectul<br \/>\ns\u0103v\u00e2r\u0219irii infrac\u021biunilor de v\u0103t\u0103marea corporal\u0103 din culp\u0103, conducerea unui vehicul<br \/>\nav\u00e2nd permisul de conducere suspendat \u0219i conducerea unui vehicul pe drumurile publice<br \/>\nafl\u00e2ndu-se sub influen\u021ba substan\u021belor psihoactive.<br \/>\nA CONDUS UN AUTOTURISM AFL\u00c2NDU-SE SUB INFLUEN\u021aA<br \/>\nALCOOLULUI \u0218I F\u0102R\u0102 A POSEDA PERMIS DE CONDUCERE<br \/>\nLa data de 24 septembrie a.c., ora 02.00, poli\u021bi\u0219tii au depistat pe strada G\u0103rii din<br \/>\nmunicipiul Giurgiu, un t\u00e2n\u0103r de 23 de ani din municipiul Bucure\u0219ti, \u00een timp ce conducea<br \/>\nun autoturism, f\u0103r\u0103 a poseda permis de conducere pentru nicio categorie de vehicule.<br \/>\nConduc\u0103torul auto a fost testat cu aparatul etilotest Drager care a indicat valoarea<br \/>\n0,70 mg\/l alcool pur \u00een aerul expirat, fiind condus la spital pentru recoltarea de probe<br \/>\nbiologice de s\u00e2nge \u00een vederea stabilirii alcoolemiei.<br \/>\n\u00cen cauz\u0103 a fost \u00eentocmit dosar penal \u00een care se efectueaz\u0103 cercet\u0103ri sub aspectul<br \/>\ns\u0103v\u00e2r\u0219irii infrac\u021biunilor de conducerea unui vehicul f\u0103r\u0103 permis de conducere \u0219i<br \/>\nconducerea unui vehicul pe drumurile publice afl\u00e2ndu-se sub influen\u021ba b\u0103uturilor<br \/>\nalcoolice.<\/p>\n","protected":false},"excerpt":{"rendered":"<p>La data de 23 septembrie a.c., \u00een comuna Oinacu, jude\u021bul Giurgiu, a avut loc un eveniment rutier \u00een care au fost implicate dou\u0103 autovehicule, respectiv un utilaj agricol \u0219i un autoturism. \u00cen urma evenimentului rutier, a rezultat r\u0103nirea conduc\u0103torului autoturismului, un b\u0103rbat de 33 de ani din municipiul Giurgiu, care a fost transportat la spital [&hellip;]<\/p>\n","protected":false},"author":1,"featured_media":4376,"comment_status":"open","ping_status":"open","sticky":false,"template":"","format":"standard","meta":{"footnotes":""},"categories":[2],"tags":[],"class_list":["post-4375","post","type-post","status-publish","format-standard","has-post-thumbnail","hentry","category-actualitate"],"_links":{"self":[{"href":"https:\/\/tvgiurgiu.ro\/index.php\/wp-json\/wp\/v2\/posts\/4375","targetHints":{"allow":["GET"]}}],"collection":[{"href":"https:\/\/tvgiurgiu.ro\/index.php\/wp-json\/wp\/v2\/posts"}],"about":[{"href":"https:\/\/tvgiurgiu.ro\/index.php\/wp-json\/wp\/v2\/types\/post"}],"author":[{"embeddable":true,"href":"https:\/\/tvgiurgiu.ro\/index.php\/wp-json\/wp\/v2\/users\/1"}],"replies":[{"embeddable":true,"href":"https:\/\/tvgiurgiu.ro\/index.php\/wp-json\/wp\/v2\/comments?post=4375"}],"version-history":[{"count":0,"href":"https:\/\/tvgiurgiu.ro\/index.php\/wp-json\/wp\/v2\/posts\/4375\/revisions"}],"wp:featuredmedia":[{"embeddable":true,"href":"https:\/\/tvgiurgiu.ro\/index.php\/wp-json\/wp\/v2\/media\/4376"}],"wp:attachment":[{"href":"https:\/\/tvgiurgiu.ro\/index.php\/wp-json\/wp\/v2\/media?parent=4375"}],"wp:term":[{"taxonomy":"category","embeddable":true,"href":"https:\/\/tvgiurgiu.ro\/index.php\/wp-json\/wp\/v2\/categories?post=4375"},{"taxonomy":"post_tag","embeddable":true,"href":"https:\/\/tvgiurgiu.ro\/index.php\/wp-json\/wp\/v2\/tags?post=4375"}],"curies":[{"name":"wp","href":"https:\/\/api.w.org\/{rel}","templated":true}]}}