{"id":4378,"date":"2021-09-24T11:44:32","date_gmt":"2021-09-24T11:44:32","guid":{"rendered":"https:\/\/tvgiurgiu.ro\/?p=4378"},"modified":"2021-09-24T11:44:32","modified_gmt":"2021-09-24T11:44:32","slug":"rata-de-incidenta-comunicata-de-centrul-judetean-de-conducere-si-coordonare-a-interventiei-giurgiu-24-09-2021","status":"publish","type":"post","link":"https:\/\/tvgiurgiu.ro\/index.php\/2021\/09\/24\/rata-de-incidenta-comunicata-de-centrul-judetean-de-conducere-si-coordonare-a-interventiei-giurgiu-24-09-2021\/","title":{"rendered":"Rata de inciden\u021b\u0103 comunicat\u0103 de CENTRUL JUDE\u021aEAN DE CONDUCERE \u0218I COORDONARE A INTERVEN\u021aIEI GIURGIU 24\/09\/2021"},"content":{"rendered":"<p>Comitetul Jude\u021bean pentru Situa\u021bii de Urgen\u021b\u0103 Giurgiu, \u00eentrunit ast\u0103zi,<br \/>\n24.09.2021, \u00een \u0219edin\u021b\u0103 online, a constatat \u00eencadrarea \u00een limitele inciden\u0163ei<br \/>\ncumulat\u0103 la 14 zile a unit\u0103\u0163ilor administrativ-teritoriale \u015fi a jude\u0163ului Giurgiu,<br \/>\npe baza analizei prezentate de Direc\u0163ia de S\u0103n\u0103tate Public\u0103 Giurgiu, dup\u0103<br \/>\ncum urmeaz\u0103:<\/p>\n<p>COMUNA OGREZENI 4,75<br \/>\n2<br \/>\nCOMUNA JOI\u0162A 4,17<br \/>\n3<br \/>\nCOMUNA ADUNA\u0162II-COP\u0102CENI 4,04<br \/>\n4<br \/>\nCOMUNA STOENE\u015eTI 3,84<br \/>\n5<br \/>\nCOMUNA S\u0102B\u0102RENI 3,71<br \/>\n6<br \/>\nCOMUNA ST\u0102NE\u015eTI 3,57<br \/>\n7<br \/>\nCOMUNA ISVOARELE 3,55<br \/>\n8<br \/>\nCOMUNA MALU 3,51<br \/>\n9<br \/>\nMUNICIPIUL GIURGIU 3,36<br \/>\n10<br \/>\nCOMUNA BOLINTIN-DEAL 3,24<br \/>\n11<br \/>\nCOMUNA PUTINEIU 3,24<br \/>\n12<br \/>\nCOMUNA SINGURENI 3,20<br \/>\n13<br \/>\nCOMUNA COSOBA 2,90<br \/>\n14<br \/>\nCOMUNA GR\u0102DINARI 2,76<br \/>\n15<br \/>\nCOMUNA IEPURE\u015eTI 2,67<br \/>\n16<br \/>\nCOMUNA VALEA DRAGULUI 2,60<br \/>\n17<br \/>\nCOMUNA OINACU 2,55<br \/>\n18<br \/>\nCOMUNA DAIA 2,48<br \/>\n19<br \/>\nORA\u015eUL MIH\u0102ILE\u015eTI 2,41<br \/>\n20<br \/>\nCOMUNA R\u0102SUCENI 2,39<br \/>\n21<br \/>\nCOMUNA GREACA 2,33<br \/>\n22<br \/>\nCOMUNA LETCA NOU\u0102 2,31<br \/>\n23<br \/>\nCOMUNA ULMI 2,17<br \/>\n24 COMUNA SCHITU 1,99<\/p>\n<p>COMUNA IZVOARELE 1,88<br \/>\n26<br \/>\nCOMUNA CREVEDIA MARE 1,70<br \/>\n27<br \/>\nCOMUNA GHIMPA\u0162I 1,59<br \/>\n28<br \/>\nORA\u015eUL BOLINTIN-VALE 1,44<br \/>\n29<br \/>\nCOMUNA BULBUCATA 1,43<br \/>\n30<br \/>\nCOMUNA V\u0102R\u0102\u015eTI 1,41<br \/>\n31<br \/>\nCOMUNA HER\u0102\u015eTI 1,39<br \/>\n32<br \/>\nCOMUNA FLORE\u015eTI-STOENE\u015eTI 1,38<br \/>\n33<br \/>\nCOMUNA SLOBOZIA 1,32<br \/>\n34<br \/>\nCOMUNA C\u0102LUG\u0102RENI 1,31<br \/>\n35<br \/>\nCOMUNA B\u0102NEASA 1,30<br \/>\n36<br \/>\nCOMUNA COLIBA\u015eI 1,30<br \/>\n37<br \/>\nCOMUNA BUTURUGENI 1,26<br \/>\n38<br \/>\nCOMUNA COMANA 1,24<br \/>\n39<br \/>\nCOMUNA BUC\u015eANI 1,15<br \/>\n40<br \/>\nCOMUNA VEDEA 1,14<br \/>\n41<br \/>\nCOMUNA M\u00c2R\u015eA 1,12<br \/>\n42<br \/>\nCOMUNA PRUNDU 1,01<br \/>\n43<br \/>\nCOMUNA G\u0102ISENI 0,93<br \/>\n44<br \/>\nCOMUNA V\u00c2N\u0102TORII MICI 0,89<br \/>\n45<br \/>\nCOMUNA G\u0102UJANI 0,88<br \/>\n46<br \/>\nCOMUNA MIHAI BRAVU 0,87<br \/>\n47<br \/>\nCOMUNA GOSTINARI 0,85<br \/>\n48<br \/>\nCOMUNA FR\u0102TE\u015eTI 0,79<br \/>\n49<br \/>\nCOMUNA ROATA DE JOS 0,76<br \/>\n50<br \/>\nCOMUNA HOTARELE 0,31<br \/>\n51<br \/>\nCOMUNA CLEJANI 0<br \/>\n52<br \/>\nCOMUNA GOGO\u015eARI 0<br \/>\n53<br \/>\nCOMUNA GOSTINU 0<br \/>\n54<br \/>\nCOMUNA TOPORU 0<br \/>\nTOTAL JUDE\u0162<\/p>\n<p>2,23<\/p>\n<p>&nbsp;<\/p>\n<p>\u00cen func\u0163ie de valoarea inciden\u0163ei cumulate la 14 zile, pe fiecare unitate<br \/>\nadministrativ-teritorial\u0103 se aplic\u0103 m\u0103surile stabilite prin nr. H.G. nr. 932\/2021<br \/>\nprivind prelungirea st\u0103rii de alert\u0103 pe teritoriul Rom\u00e2niei \u00eencep\u00e2nd cu data de<br \/>\n10 septembrie 2021, precum \u015fi stabilirea m\u0103surilor care se aplic\u0103 pe durata<br \/>\nacesteia pentru prevenirea \u015fi combaterea efectelor pandemiei de COVID-19,<br \/>\ncu modific\u0103rile \u015fi complet\u0103rile ulterioare, \u00eencep\u00e2nd cu data de 25.09.2021, ora<br \/>\n00:00, pentru o perioad\u0103 de 14 zile, urm\u00e2nd a fi reevaluate la finalul acesteia.<br \/>\nAtragem aten\u0163ia asupra obligativit\u0103\u0163ii purt\u0103rii m\u0103\u015ftii de protec\u0163ie la<br \/>\nexterior \u00een spa\u0163iile publice aglomerate, precum: t\u00e2rguri, oboare, pie\u0163e,<br \/>\ntalciocuri, sta\u0163ii pentru transportul \u00een comun \u015fi \u00een proximitatea unit\u0103\u0163ilor<br \/>\n\u015fcolare la orele de intrare\/ie\u015fire de la cursuri a elevilor, pentru unit\u0103\u0163ile<br \/>\nadministrativ teritoriale cu valoarea inciden\u0163ei cumulate la 14 zile mai mare<br \/>\nde 3\/1.000 de locuitori.<\/p>\n","protected":false},"excerpt":{"rendered":"<p>Comitetul Jude\u021bean pentru Situa\u021bii de Urgen\u021b\u0103 Giurgiu, \u00eentrunit ast\u0103zi, 24.09.2021, \u00een \u0219edin\u021b\u0103 online, a constatat \u00eencadrarea \u00een limitele inciden\u0163ei cumulat\u0103 la 14 zile a unit\u0103\u0163ilor administrativ-teritoriale \u015fi a jude\u0163ului Giurgiu, pe baza analizei prezentate de Direc\u0163ia de S\u0103n\u0103tate Public\u0103 Giurgiu, dup\u0103 cum urmeaz\u0103: COMUNA OGREZENI 4,75 2 COMUNA JOI\u0162A 4,17 3 COMUNA ADUNA\u0162II-COP\u0102CENI 4,04 4 [&hellip;]<\/p>\n","protected":false},"author":1,"featured_media":4379,"comment_status":"open","ping_status":"open","sticky":false,"template":"","format":"standard","meta":{"footnotes":""},"categories":[2],"tags":[],"class_list":["post-4378","post","type-post","status-publish","format-standard","has-post-thumbnail","hentry","category-actualitate"],"_links":{"self":[{"href":"https:\/\/tvgiurgiu.ro\/index.php\/wp-json\/wp\/v2\/posts\/4378","targetHints":{"allow":["GET"]}}],"collection":[{"href":"https:\/\/tvgiurgiu.ro\/index.php\/wp-json\/wp\/v2\/posts"}],"about":[{"href":"https:\/\/tvgiurgiu.ro\/index.php\/wp-json\/wp\/v2\/types\/post"}],"author":[{"embeddable":true,"href":"https:\/\/tvgiurgiu.ro\/index.php\/wp-json\/wp\/v2\/users\/1"}],"replies":[{"embeddable":true,"href":"https:\/\/tvgiurgiu.ro\/index.php\/wp-json\/wp\/v2\/comments?post=4378"}],"version-history":[{"count":0,"href":"https:\/\/tvgiurgiu.ro\/index.php\/wp-json\/wp\/v2\/posts\/4378\/revisions"}],"wp:featuredmedia":[{"embeddable":true,"href":"https:\/\/tvgiurgiu.ro\/index.php\/wp-json\/wp\/v2\/media\/4379"}],"wp:attachment":[{"href":"https:\/\/tvgiurgiu.ro\/index.php\/wp-json\/wp\/v2\/media?parent=4378"}],"wp:term":[{"taxonomy":"category","embeddable":true,"href":"https:\/\/tvgiurgiu.ro\/index.php\/wp-json\/wp\/v2\/categories?post=4378"},{"taxonomy":"post_tag","embeddable":true,"href":"https:\/\/tvgiurgiu.ro\/index.php\/wp-json\/wp\/v2\/tags?post=4378"}],"curies":[{"name":"wp","href":"https:\/\/api.w.org\/{rel}","templated":true}]}}