{"id":4410,"date":"2021-09-30T08:58:44","date_gmt":"2021-09-30T08:58:44","guid":{"rendered":"https:\/\/tvgiurgiu.ro\/?p=4410"},"modified":"2021-09-30T08:58:44","modified_gmt":"2021-09-30T08:58:44","slug":"razie-desfasurata-de-politistii-giurgiuveni","status":"publish","type":"post","link":"https:\/\/tvgiurgiu.ro\/index.php\/2021\/09\/30\/razie-desfasurata-de-politistii-giurgiuveni\/","title":{"rendered":"RAZIE DESF\u0102\u0218URAT\u0102 DE POLI\u021aI\u0218TII GIURGIUVENI"},"content":{"rendered":"<p>La data de 29 septembrie a.c., \u00eentre orele 18.00 &#8211; 22.00, poli\u021bi\u0219tii Serviciului Ordine<br \/>\nPublic\u0103, \u00eempreun\u0103 cu poli\u021bi\u0219ti din cadrul sec\u021biilor de poli\u021bie rural\u0103 au desf\u0103\u0219urat o<br \/>\nac\u021biune \u00een zona de competen\u021b\u0103 a Sec\u021biilor Nr.1 C\u0103lug\u0103reni \u0219i Nr. 2 Comana, al c\u0103rei scop<br \/>\nl-a reprezentat verificarea modului de respectare a m\u0103surilor dispuse prin instituirea<br \/>\nst\u0103rii de alert\u0103 pentru prevenirea r\u0103sp\u00e2ndirii SARS-Cov2, cre\u0219terea vizibilit\u0103\u021bii<br \/>\nelementului poli\u021bienesc, prevenirea faptelor cu violen\u021b\u0103 \u0219i respectarea legisla\u021biei la<br \/>\nregimul rutier.<br \/>\n\u00cen urma neregulilor constatate, poli\u021bi\u0219tii au aplicat 60 de sanc\u021biuni contraven\u021bionale, \u00een<br \/>\nvaloare de 27.425 de lei, dintre care 38 la O.U.G.195\/2002 privind circula\u021bia pe<br \/>\ndrumurile publice \u0219i 14 la Legea nr. 55\/2020 privind unele m\u0103suri pentru prevenirea \u0219i<br \/>\ncombaterea efectelor pandemiei de COVID-19.<br \/>\n\u00cen cadrul ac\u021biunii, poli\u021bi\u0219tii au legitimat 335 de persoane \u0219i au controlat 231 de<br \/>\nautovehicule.<br \/>\nPoli\u021bi\u0219tii giurgiuveni vor ac\u021biona \u00een continuare \u00een vederea prevenirii r\u0103sp\u00e2ndirii infect\u0103rii<br \/>\ncu SARS-Cov-2, dar \u0219i pentru asigurarea unui climat optim de ordine \u0219i siguran\u021b\u0103<br \/>\npublic\u0103.<\/p>\n","protected":false},"excerpt":{"rendered":"<p>La data de 29 septembrie a.c., \u00eentre orele 18.00 &#8211; 22.00, poli\u021bi\u0219tii Serviciului Ordine Public\u0103, \u00eempreun\u0103 cu poli\u021bi\u0219ti din cadrul sec\u021biilor de poli\u021bie rural\u0103 au desf\u0103\u0219urat o ac\u021biune \u00een zona de competen\u021b\u0103 a Sec\u021biilor Nr.1 C\u0103lug\u0103reni \u0219i Nr. 2 Comana, al c\u0103rei scop l-a reprezentat verificarea modului de respectare a m\u0103surilor dispuse prin instituirea st\u0103rii [&hellip;]<\/p>\n","protected":false},"author":1,"featured_media":4411,"comment_status":"open","ping_status":"open","sticky":false,"template":"","format":"standard","meta":{"footnotes":""},"categories":[2],"tags":[],"class_list":["post-4410","post","type-post","status-publish","format-standard","has-post-thumbnail","hentry","category-actualitate"],"_links":{"self":[{"href":"https:\/\/tvgiurgiu.ro\/index.php\/wp-json\/wp\/v2\/posts\/4410","targetHints":{"allow":["GET"]}}],"collection":[{"href":"https:\/\/tvgiurgiu.ro\/index.php\/wp-json\/wp\/v2\/posts"}],"about":[{"href":"https:\/\/tvgiurgiu.ro\/index.php\/wp-json\/wp\/v2\/types\/post"}],"author":[{"embeddable":true,"href":"https:\/\/tvgiurgiu.ro\/index.php\/wp-json\/wp\/v2\/users\/1"}],"replies":[{"embeddable":true,"href":"https:\/\/tvgiurgiu.ro\/index.php\/wp-json\/wp\/v2\/comments?post=4410"}],"version-history":[{"count":0,"href":"https:\/\/tvgiurgiu.ro\/index.php\/wp-json\/wp\/v2\/posts\/4410\/revisions"}],"wp:featuredmedia":[{"embeddable":true,"href":"https:\/\/tvgiurgiu.ro\/index.php\/wp-json\/wp\/v2\/media\/4411"}],"wp:attachment":[{"href":"https:\/\/tvgiurgiu.ro\/index.php\/wp-json\/wp\/v2\/media?parent=4410"}],"wp:term":[{"taxonomy":"category","embeddable":true,"href":"https:\/\/tvgiurgiu.ro\/index.php\/wp-json\/wp\/v2\/categories?post=4410"},{"taxonomy":"post_tag","embeddable":true,"href":"https:\/\/tvgiurgiu.ro\/index.php\/wp-json\/wp\/v2\/tags?post=4410"}],"curies":[{"name":"wp","href":"https:\/\/api.w.org\/{rel}","templated":true}]}}