{"id":4428,"date":"2021-09-30T11:09:20","date_gmt":"2021-09-30T11:09:20","guid":{"rendered":"https:\/\/tvgiurgiu.ro\/?p=4428"},"modified":"2021-09-30T11:09:20","modified_gmt":"2021-09-30T11:09:20","slug":"programul-noaptea-bibliotecilor-editie-online-01-10-2021","status":"publish","type":"post","link":"https:\/\/tvgiurgiu.ro\/index.php\/2021\/09\/30\/programul-noaptea-bibliotecilor-editie-online-01-10-2021\/","title":{"rendered":"Programul NOAPTEA BIBLIOTECILOR Edi\u021bie online &#8211; 01.10.2021"},"content":{"rendered":"<p>Ora 16.00 Imnul Bibliotecii &#8211; compozitor Dumitru Lupu, versuri Dan Mucenic<br \/>\nOra 16.10 Cuv\u00e2nt de deschidere<br \/>\nOra 16.30 Prezentarea BIBLIOTECII:<br \/>\nOra 16.30 Sec\u021bia Sala de lectur\u0103<br \/>\nOra 16.40 Sec\u021bia \u00cemprumut Carte pentru Adul\u021bi<br \/>\nOra 16.50 Sec\u021bia \u00cemprumut Carte pentru Copii<br \/>\nOra 17.00 Sec\u021bia Filial\u0103<\/p>\n<p>Ora 17.30 SALONUL DE TOAMN\u0102 AL C\u0102R\u021aII<br \/>\nOra 17.30 Lansarea volumului \u201dC\u0103lug\u0103renii\u201d, nr. 88 din Colec\u021bia<br \/>\n\u201dBiblioteca giurgiuvean\u0103\u201d &#8211; autor Emil Talianu<br \/>\nOra 18.00 Lansarea volumului \u201dSur\u00e2sul maiorescian\u201d, nr. 81 din Colec\u021bia<br \/>\n\u201dBiblioteca giurgiuvean\u0103\u201d &#8211; autor Ion Dinc\u0103<\/p>\n<p>Ora 18.30 Lansarea volumului \u201d1968 &#8211; Cehoslovacia \u0219i Giurgiu\u201d, nr. 90<br \/>\ndin Colec\u021bia \u201dBiblioteca giurgiuvean\u0103\u201d &#8211; autor Damian Ancu<br \/>\nOra 19.00 ZIUA SENIORILOR<br \/>\nOra 19.00 Expozi\u021bie online de carte &#8211; Colec\u021bia \u201eBiblioteca giurgiuvean\u0103\u201d,<br \/>\nedi\u021biile octombrie 2020 &#8211; octombrie 2021<br \/>\nOra 19.30 Momente din prezentarea programului de ini\u021biere IT pentru<br \/>\npersoanele v\u00e2rstnice.<br \/>\nOra 20.00 Povestea de vineri, proiect derulat \u00een parteneriat cu scriitorul<br \/>\ngiurgiuvean Petre Cr\u0103ciun \u0219i editura Zorio<\/p>\n<p>Ora 20.30 AMINTIRI DIN ARHIVA BIBLIOTECII:<br \/>\nOra 20.30 Selena M\u0103rgean \u2013 moment folcloric<br \/>\nOra 20.40 L\u0103rgeanu Sergiu \u2013 moment folcloric<br \/>\nOra 20.50 Udrea Alexandru Costin &#8211; c\u00e2\u0219tig\u0103torul premiului I al<br \/>\nconcursului de poezie eseu povestire \u201dJude\u021bul Giurgiu \u00een viziunea tinerilor:<br \/>\ntradi\u021bii, obiceiuri, atrac\u021bii turistice\u201d &#8211; moment poetic<br \/>\nOra 21.00 Liceul Tehnologic nr. 1 Comana &#8211; moment artistic<br \/>\nOra 21.05 \u201dReconstituiri\u201d cu Ileana Popovici<br \/>\nOra 21.10 Marina Alm\u0103\u0219an &#8211; \u00eent\u00e2lnire cu publicul giurgiuvean<br \/>\nOra 21.20 Dan Negru &#8211; amintiri \u00een \u201dAlb \u0219i Negru\u201d<br \/>\nOra 21.30 Dan Puric \u2013 conferin\u021b\u0103 \u201dBiblioteca vie\u201e<br \/>\nOra 21.40 Ovidiu Scridon \u2013 moment artistic<br \/>\nOra 21.50 Octavian Ursulescu \u2013 mesaj pentru cititorii bibliotecii<br \/>\nOra 22.00 Imnul Bibliotecii<\/p>\n","protected":false},"excerpt":{"rendered":"<p>Ora 16.00 Imnul Bibliotecii &#8211; compozitor Dumitru Lupu, versuri Dan Mucenic Ora 16.10 Cuv\u00e2nt de deschidere Ora 16.30 Prezentarea BIBLIOTECII: Ora 16.30 Sec\u021bia Sala de lectur\u0103 Ora 16.40 Sec\u021bia \u00cemprumut Carte pentru Adul\u021bi Ora 16.50 Sec\u021bia \u00cemprumut Carte pentru Copii Ora 17.00 Sec\u021bia Filial\u0103 Ora 17.30 SALONUL DE TOAMN\u0102 AL C\u0102R\u021aII Ora 17.30 Lansarea volumului [&hellip;]<\/p>\n","protected":false},"author":1,"featured_media":4431,"comment_status":"open","ping_status":"open","sticky":false,"template":"","format":"standard","meta":{"footnotes":""},"categories":[2],"tags":[],"class_list":["post-4428","post","type-post","status-publish","format-standard","has-post-thumbnail","hentry","category-actualitate"],"_links":{"self":[{"href":"https:\/\/tvgiurgiu.ro\/index.php\/wp-json\/wp\/v2\/posts\/4428","targetHints":{"allow":["GET"]}}],"collection":[{"href":"https:\/\/tvgiurgiu.ro\/index.php\/wp-json\/wp\/v2\/posts"}],"about":[{"href":"https:\/\/tvgiurgiu.ro\/index.php\/wp-json\/wp\/v2\/types\/post"}],"author":[{"embeddable":true,"href":"https:\/\/tvgiurgiu.ro\/index.php\/wp-json\/wp\/v2\/users\/1"}],"replies":[{"embeddable":true,"href":"https:\/\/tvgiurgiu.ro\/index.php\/wp-json\/wp\/v2\/comments?post=4428"}],"version-history":[{"count":0,"href":"https:\/\/tvgiurgiu.ro\/index.php\/wp-json\/wp\/v2\/posts\/4428\/revisions"}],"wp:featuredmedia":[{"embeddable":true,"href":"https:\/\/tvgiurgiu.ro\/index.php\/wp-json\/wp\/v2\/media\/4431"}],"wp:attachment":[{"href":"https:\/\/tvgiurgiu.ro\/index.php\/wp-json\/wp\/v2\/media?parent=4428"}],"wp:term":[{"taxonomy":"category","embeddable":true,"href":"https:\/\/tvgiurgiu.ro\/index.php\/wp-json\/wp\/v2\/categories?post=4428"},{"taxonomy":"post_tag","embeddable":true,"href":"https:\/\/tvgiurgiu.ro\/index.php\/wp-json\/wp\/v2\/tags?post=4428"}],"curies":[{"name":"wp","href":"https:\/\/api.w.org\/{rel}","templated":true}]}}