{"id":4447,"date":"2021-10-01T12:42:53","date_gmt":"2021-10-01T12:42:53","guid":{"rendered":"https:\/\/tvgiurgiu.ro\/?p=4447"},"modified":"2021-10-01T12:42:53","modified_gmt":"2021-10-01T12:42:53","slug":"inca-o-nou-promovata-vine-la-giurgiu","status":"publish","type":"post","link":"https:\/\/tvgiurgiu.ro\/index.php\/2021\/10\/01\/inca-o-nou-promovata-vine-la-giurgiu\/","title":{"rendered":"\u00cenc\u0103 o nou-promovat\u0103 vine la Giurgiu"},"content":{"rendered":"<p class=\"western\" lang=\"en-US\"><span style=\"font-family: Times New Roman, serif;\"><span lang=\"ro-RO\">Dup\u0103 Dacia Unirea Br\u0103ila, Unirea Dej \u0219i CSC \u0218elimb\u0103r, Astra \u00eent\u00e2lne\u0219te \u00eenc\u0103 o nou-promovat\u0103 \u00een Liga a II-a.<\/span><\/span><\/p>\n<p class=\"western\" lang=\"en-US\"><span style=\"font-family: Times New Roman, serif;\"><span lang=\"ro-RO\">Echipa preg\u0103tit\u0103 de Florin St\u00e2ng\u0103 prime\u0219te s\u00e2mb\u0103t\u0103, de la ora 11.00, pe teren propriu, vizita forma\u021biei FC Bra\u0219ov Steagul Rena\u0219te, fost\u0103 Corona, care a primit acceptul Federa\u021biei de a folosi marca FC Bra\u0219ov.<\/span><\/span><\/p>\n<p class=\"western\" lang=\"en-US\"><span style=\"font-family: Times New Roman, serif;\"><span lang=\"ro-RO\">La fel ca la toate partidele diputate p\u00e2n\u0103 acum de Astra pe teren propriu \u00een acest sezon \u0219i jocul cu FC Bra\u0219ov va fi cu por\u021bile \u00eenchise, accesul spectatorilor nefiind permis.<\/span><\/span><\/p>\n<p class=\"western\" lang=\"en-US\"><span style=\"font-family: Times New Roman, serif;\"><span lang=\"ro-RO\">Egalul de la \u0218elimb\u0103r dup\u0103 o secet\u0103 de trei partide f\u0103r\u0103 punct ob\u021binut a reaprins speran\u021bele \u00een tab\u0103ra giurgiuvean\u0103.<\/span><\/span><\/p>\n<p class=\"western\" lang=\"en-US\"><span style=\"font-family: Times New Roman, serif;\"><span lang=\"ro-RO\">Cu -5 puncte \u00een clasament din cauza penaliz\u0103rilor pe band\u0103 venite de la Comisia de Competi\u021bii \u0219i Etic\u0103 a FRF, \u201eastralii\u201d \u00eencearc\u0103 s\u00e2mb\u0103t\u0103 s\u0103 \u00ee\u0219i \u00eembun\u0103t\u0103\u021beasc\u0103 situa\u021bia.<\/span><\/span><\/p>\n<p class=\"western\" lang=\"en-US\"><span style=\"font-family: Times New Roman, serif;\"><span lang=\"ro-RO\">Cu excep\u021bia lui Robert Grecu, incert din cauza unor probleme medicale, Florin St\u00e2ng\u0103 are la dispozi\u021bie \u00eentreg lotul de juc\u0103tori.<\/span><\/span><\/p>\n<p class=\"western\" lang=\"en-US\"><span style=\"font-family: Times New Roman, serif;\"><span lang=\"ro-RO\">De cealalt\u0103 parte, FC Bra\u0219ov vine dup\u0103 o \u00eenfr\u00e2ngere la limit\u0103 suferit\u0103 pe teren propriu \u00een fa\u021ba celor de la CSA Steaua Bucure\u0219ti.<\/span><\/span><\/p>\n<p class=\"western\" lang=\"en-US\">\u201e<span style=\"font-family: Times New Roman, serif;\"><span lang=\"ro-RO\">Galben-negrii\u201d au aceea\u0219i linie de clasament cu cea a Astrei \u0219i anume 2 victorii, 3 remize \u0219i 3 \u00eenfr\u00e2ngeri \u00eens\u0103 au 9 puncte fa\u021b\u0103 de -5 ale Astrei, ocup\u00e2nd momentan locul 13 \u00een clasament.<\/span><\/span><\/p>\n","protected":false},"excerpt":{"rendered":"<p>Dup\u0103 Dacia Unirea Br\u0103ila, Unirea Dej \u0219i CSC \u0218elimb\u0103r, Astra \u00eent\u00e2lne\u0219te \u00eenc\u0103 o nou-promovat\u0103 \u00een Liga a II-a. Echipa preg\u0103tit\u0103 de Florin St\u00e2ng\u0103 prime\u0219te s\u00e2mb\u0103t\u0103, de la ora 11.00, pe teren propriu, vizita forma\u021biei FC Bra\u0219ov Steagul Rena\u0219te, fost\u0103 Corona, care a primit acceptul Federa\u021biei de a folosi marca FC Bra\u0219ov. La fel ca la [&hellip;]<\/p>\n","protected":false},"author":1,"featured_media":4448,"comment_status":"open","ping_status":"open","sticky":false,"template":"","format":"standard","meta":{"footnotes":""},"categories":[13],"tags":[],"class_list":["post-4447","post","type-post","status-publish","format-standard","has-post-thumbnail","hentry","category-sport"],"_links":{"self":[{"href":"https:\/\/tvgiurgiu.ro\/index.php\/wp-json\/wp\/v2\/posts\/4447","targetHints":{"allow":["GET"]}}],"collection":[{"href":"https:\/\/tvgiurgiu.ro\/index.php\/wp-json\/wp\/v2\/posts"}],"about":[{"href":"https:\/\/tvgiurgiu.ro\/index.php\/wp-json\/wp\/v2\/types\/post"}],"author":[{"embeddable":true,"href":"https:\/\/tvgiurgiu.ro\/index.php\/wp-json\/wp\/v2\/users\/1"}],"replies":[{"embeddable":true,"href":"https:\/\/tvgiurgiu.ro\/index.php\/wp-json\/wp\/v2\/comments?post=4447"}],"version-history":[{"count":0,"href":"https:\/\/tvgiurgiu.ro\/index.php\/wp-json\/wp\/v2\/posts\/4447\/revisions"}],"wp:featuredmedia":[{"embeddable":true,"href":"https:\/\/tvgiurgiu.ro\/index.php\/wp-json\/wp\/v2\/media\/4448"}],"wp:attachment":[{"href":"https:\/\/tvgiurgiu.ro\/index.php\/wp-json\/wp\/v2\/media?parent=4447"}],"wp:term":[{"taxonomy":"category","embeddable":true,"href":"https:\/\/tvgiurgiu.ro\/index.php\/wp-json\/wp\/v2\/categories?post=4447"},{"taxonomy":"post_tag","embeddable":true,"href":"https:\/\/tvgiurgiu.ro\/index.php\/wp-json\/wp\/v2\/tags?post=4447"}],"curies":[{"name":"wp","href":"https:\/\/api.w.org\/{rel}","templated":true}]}}