{"id":4457,"date":"2021-10-02T07:33:06","date_gmt":"2021-10-02T07:33:06","guid":{"rendered":"https:\/\/tvgiurgiu.ro\/?p=4457"},"modified":"2021-10-02T07:33:06","modified_gmt":"2021-10-02T07:33:06","slug":"la-volan-sub-influenta-alcoolului-si-cu-dreptul-de-a-conduce-anulat","status":"publish","type":"post","link":"https:\/\/tvgiurgiu.ro\/index.php\/2021\/10\/02\/la-volan-sub-influenta-alcoolului-si-cu-dreptul-de-a-conduce-anulat\/","title":{"rendered":"LA VOLAN, SUB INFLUEN\u021aA ALCOOLULUI \u0218I CU DREPTUL DE A  CONDUCE ANULAT"},"content":{"rendered":"<p>La data de 1 octombrie a.c., ora 18.00, poli\u021bi\u0219tii din cadrul Sec\u021biei Nr.1 Poli\u021bie Rural\u0103<br \/>\nC\u0103lug\u0103reni au depistat \u00een localitatea Mihai Bravu, jude\u021bul Giurgiu, un b\u0103rbat de 48 de<br \/>\nani din aceea\u0219i localitate, \u00een timp ce conducea un autoturism, av\u00e2nd dreptul de a<br \/>\nconduce anulat.<br \/>\n\u00centruc\u00e2t emana halen\u0103 alcoolic\u0103, conduc\u0103torul auto a fost testat cu aparatul etilotest care<br \/>\na indicat valoarea de 1,05 mg\/l alcool pur \u00een aerul expirat, fiind condus la spital pentru<br \/>\nrecoltarea de probe biologice de s\u00e2nge \u00een vederea stabilirii cu exactitate a alcoolemiei.<br \/>\n\u00cen cauz\u0103 a fost \u00eentocmit dosar penal \u00een care se efectueaz\u0103 cercet\u0103ri sub aspectul<br \/>\ns\u0103v\u00e2r\u0219irii infrac\u021biunilor de conducerea unui vehicul f\u0103r\u0103 permis de conducere \u0219i<br \/>\nconducerea unui vehicul sub influen\u021ba alcoolului sau a altor substan\u021be.<\/p>\n","protected":false},"excerpt":{"rendered":"<p>La data de 1 octombrie a.c., ora 18.00, poli\u021bi\u0219tii din cadrul Sec\u021biei Nr.1 Poli\u021bie Rural\u0103 C\u0103lug\u0103reni au depistat \u00een localitatea Mihai Bravu, jude\u021bul Giurgiu, un b\u0103rbat de 48 de ani din aceea\u0219i localitate, \u00een timp ce conducea un autoturism, av\u00e2nd dreptul de a conduce anulat. \u00centruc\u00e2t emana halen\u0103 alcoolic\u0103, conduc\u0103torul auto a fost testat cu [&hellip;]<\/p>\n","protected":false},"author":1,"featured_media":4458,"comment_status":"open","ping_status":"open","sticky":false,"template":"","format":"standard","meta":{"footnotes":""},"categories":[2],"tags":[],"class_list":["post-4457","post","type-post","status-publish","format-standard","has-post-thumbnail","hentry","category-actualitate"],"_links":{"self":[{"href":"https:\/\/tvgiurgiu.ro\/index.php\/wp-json\/wp\/v2\/posts\/4457","targetHints":{"allow":["GET"]}}],"collection":[{"href":"https:\/\/tvgiurgiu.ro\/index.php\/wp-json\/wp\/v2\/posts"}],"about":[{"href":"https:\/\/tvgiurgiu.ro\/index.php\/wp-json\/wp\/v2\/types\/post"}],"author":[{"embeddable":true,"href":"https:\/\/tvgiurgiu.ro\/index.php\/wp-json\/wp\/v2\/users\/1"}],"replies":[{"embeddable":true,"href":"https:\/\/tvgiurgiu.ro\/index.php\/wp-json\/wp\/v2\/comments?post=4457"}],"version-history":[{"count":0,"href":"https:\/\/tvgiurgiu.ro\/index.php\/wp-json\/wp\/v2\/posts\/4457\/revisions"}],"wp:featuredmedia":[{"embeddable":true,"href":"https:\/\/tvgiurgiu.ro\/index.php\/wp-json\/wp\/v2\/media\/4458"}],"wp:attachment":[{"href":"https:\/\/tvgiurgiu.ro\/index.php\/wp-json\/wp\/v2\/media?parent=4457"}],"wp:term":[{"taxonomy":"category","embeddable":true,"href":"https:\/\/tvgiurgiu.ro\/index.php\/wp-json\/wp\/v2\/categories?post=4457"},{"taxonomy":"post_tag","embeddable":true,"href":"https:\/\/tvgiurgiu.ro\/index.php\/wp-json\/wp\/v2\/tags?post=4457"}],"curies":[{"name":"wp","href":"https:\/\/api.w.org\/{rel}","templated":true}]}}