{"id":4460,"date":"2021-10-02T07:48:15","date_gmt":"2021-10-02T07:48:15","guid":{"rendered":"https:\/\/tvgiurgiu.ro\/?p=4460"},"modified":"2021-10-02T07:48:15","modified_gmt":"2021-10-02T07:48:15","slug":"gheorghita-precizari-referitoare-a-treia-doza-de-vaccin-covid-19-e-important-sa-ne-raportam-la-cum-am-tolerat-doza-2","status":"publish","type":"post","link":"https:\/\/tvgiurgiu.ro\/index.php\/2021\/10\/02\/gheorghita-precizari-referitoare-a-treia-doza-de-vaccin-covid-19-e-important-sa-ne-raportam-la-cum-am-tolerat-doza-2\/","title":{"rendered":"Gheorghi\u021b\u0103, preciz\u0103ri referitoare a treia doz\u0103 de vaccin Covid-19: E important s\u0103 ne raport\u0103m la cum am tolerat doza 2"},"content":{"rendered":"<p><em>Exist\u0103 posibilitatea pentru un cet\u0103\u021bean vaccinat cu una dintre scheme, Moderna sau Pfizer, s\u0103 aleag\u0103 acum pentru doza de booster, cel\u0103lalt vaccin. Dumneavoastr\u0103 ce a\u021bi alege?&#8221;<\/em>, a fost \u00eentrebarea adresat\u0103 de c\u0103tre Claudiu P\u00e2ndaru, vineri sear\u0103, la Digi24.<\/p>\n<p>Pre\u0219edintele CNCAV, dr. Valeriu Gheorghi\u021b\u0103, a r\u0103spuns: &#8222;Noi recomand\u0103m ca de prim\u0103 inten\u021bie s\u0103 se foloseasc\u0103 acela\u0219i tip de vaccin, dar se poate opta pentru schimbarea tipului de vaccin. Personal, o s\u0103 fac acela\u0219i tip de vaccin. \u00cen ianuarie singurul vaccin disponibil \u00een Rom\u00e2nia era vaccinul de la compania Pfizer.&#8221;<\/p>\n<h2><strong>Diferen\u021bele dintre vaccinurile de la Pfizer \u0219i Moderna<\/strong><\/h2>\n<p>Privind diferen\u021bele \u00eentre vaccinurile de la Pfizer \u0219i Moderna, Valeriu Gheorghi\u021b\u0103 a spus c\u0103 &#8222;sunt legate de dozaj.&#8221;<\/p>\n<p>&#8222;O doz\u0103 de vaccin de la compania Pfizer are 30 micrograme de ARN mesager, spre deosebire de o doz\u0103 de la compania Moderna, unde sunt 100 de micrograme de ARN mesager. Asta nu \u00eenseamn\u0103 c\u0103 vom avea un r\u0103spuns imun de trei ori mai puternic pentru c\u0103 vorbim, \u00een final, de proteina care rezult\u0103 din aceast\u0103 cantitate de antigen. Atunci, lucrurile sunt mult mai complexe la nivel celular. \u00centr-adev\u0103r, vaccinul de la Moderna este u\u0219or mai reactogen &#8211; poate s\u0103 dea reac\u021bii locale sau febr\u0103, frisoane, mai frecvent dec\u00e2t \u00eenregistr\u0103m de la vaccinul de la Pfizer din acest motiv al reactogenit\u0103\u021bii u\u0219or mai crescute. Dar nu exist\u0103 diferen\u021be ale profilului de siguran\u021b\u0103. Sunt reac\u021biile comune, a\u0219teptate, doar c\u0103 u\u0219or mai zgomotoase, mai intense, \u00een cazul vaccinului de la compania Moderna. Profilul de siguran\u021b\u0103 este similar.&#8221;, a explicat dr. Valeriu Gheorghi\u021b\u0103.<\/p>\n<h2>&#8222;Este important, de fapt, s\u0103 ne raport\u0103m la cum am tolerat doza 2&#8221;<\/h2>\n<p><strong>&#8222;Este important, de fapt, s\u0103 ne raport\u0103m la cum am tolerat doza 2. Dac\u0103 la doza 2 am avut o reactogenitate mai crescut\u0103 \u0219i am f\u0103cut Pfizer, poate ar fi bine s\u0103 p\u0103str\u0103m acela\u0219i tip de vaccin pentru c\u0103 vaccinul de la Moderna poate s\u0103 fie u\u0219or mai reactogen. Dac\u0103 am f\u0103cut prima schim\u0103 cu vaccinul de la Moderna, recomandabil este s\u0103 respect\u0103m aceea\u0219i schem\u0103. Dac\u0103 la doza 2 de Moderna am avut o reactogenitate crescut\u0103, putem s\u0103 opt\u0103m pentru vaccinul de la Pfizer.&#8221;, a mai spus pre\u0219edintele CNCAV.<\/strong><\/p>\n<p>Dr. Valeriu Gheorghi\u021b\u0103 a f\u0103cut apoi \u0219i o precizare pentru persoanele care au f\u0103cut prima doz\u0103 cu\u00a0<strong>vaccinul de la AstraZeneca<\/strong>, dar apoi au am\u00e2nat doza 2 &#8222;de teama acelor reac\u021bii adverse legate de evenimentele trombotice cu trombocitopenie&#8221;.<\/p>\n<p><strong>&#8222;Am elaborat aceast\u0103 recomandare: cei care au am\u00e2nat dincolo de trei luni doza 2, s\u0103 poat\u0103 s\u0103 se vaccineze cu un vaccin pe baz\u0103 de ARN mesager (n.red. Pfizer sau Moderna) f\u0103r\u0103 s\u0103 mai aib\u0103 nevoie de o recomandare medical\u0103 \u00een acest sens.&#8221;,\u00a0<\/strong>a ad\u0103ugat Gheorghi\u021b\u0103 la Digi24.<\/p>\n","protected":false},"excerpt":{"rendered":"<p>Exist\u0103 posibilitatea pentru un cet\u0103\u021bean vaccinat cu una dintre scheme, Moderna sau Pfizer, s\u0103 aleag\u0103 acum pentru doza de booster, cel\u0103lalt vaccin. Dumneavoastr\u0103 ce a\u021bi alege?&#8221;, a fost \u00eentrebarea adresat\u0103 de c\u0103tre Claudiu P\u00e2ndaru, vineri sear\u0103, la Digi24. Pre\u0219edintele CNCAV, dr. Valeriu Gheorghi\u021b\u0103, a r\u0103spuns: &#8222;Noi recomand\u0103m ca de prim\u0103 inten\u021bie s\u0103 se foloseasc\u0103 acela\u0219i [&hellip;]<\/p>\n","protected":false},"author":1,"featured_media":4461,"comment_status":"open","ping_status":"open","sticky":false,"template":"","format":"standard","meta":{"footnotes":""},"categories":[2],"tags":[],"class_list":["post-4460","post","type-post","status-publish","format-standard","has-post-thumbnail","hentry","category-actualitate"],"_links":{"self":[{"href":"https:\/\/tvgiurgiu.ro\/index.php\/wp-json\/wp\/v2\/posts\/4460","targetHints":{"allow":["GET"]}}],"collection":[{"href":"https:\/\/tvgiurgiu.ro\/index.php\/wp-json\/wp\/v2\/posts"}],"about":[{"href":"https:\/\/tvgiurgiu.ro\/index.php\/wp-json\/wp\/v2\/types\/post"}],"author":[{"embeddable":true,"href":"https:\/\/tvgiurgiu.ro\/index.php\/wp-json\/wp\/v2\/users\/1"}],"replies":[{"embeddable":true,"href":"https:\/\/tvgiurgiu.ro\/index.php\/wp-json\/wp\/v2\/comments?post=4460"}],"version-history":[{"count":0,"href":"https:\/\/tvgiurgiu.ro\/index.php\/wp-json\/wp\/v2\/posts\/4460\/revisions"}],"wp:featuredmedia":[{"embeddable":true,"href":"https:\/\/tvgiurgiu.ro\/index.php\/wp-json\/wp\/v2\/media\/4461"}],"wp:attachment":[{"href":"https:\/\/tvgiurgiu.ro\/index.php\/wp-json\/wp\/v2\/media?parent=4460"}],"wp:term":[{"taxonomy":"category","embeddable":true,"href":"https:\/\/tvgiurgiu.ro\/index.php\/wp-json\/wp\/v2\/categories?post=4460"},{"taxonomy":"post_tag","embeddable":true,"href":"https:\/\/tvgiurgiu.ro\/index.php\/wp-json\/wp\/v2\/tags?post=4460"}],"curies":[{"name":"wp","href":"https:\/\/api.w.org\/{rel}","templated":true}]}}