{"id":4469,"date":"2021-10-02T07:59:09","date_gmt":"2021-10-02T07:59:09","guid":{"rendered":"https:\/\/tvgiurgiu.ro\/?p=4469"},"modified":"2021-10-02T07:59:09","modified_gmt":"2021-10-02T07:59:09","slug":"sedinta-de-guvern-executivul-urmeaza-sa-aprobe-noile-restrictii-care-vor-intra-in-vigoare","status":"publish","type":"post","link":"https:\/\/tvgiurgiu.ro\/index.php\/2021\/10\/02\/sedinta-de-guvern-executivul-urmeaza-sa-aprobe-noile-restrictii-care-vor-intra-in-vigoare\/","title":{"rendered":"\u0218edin\u021b\u0103 de Guvern. Executivul urmeaz\u0103 s\u0103 aprobe noile restric\u021bii care vor intra \u00een vigoare"},"content":{"rendered":"<p><strong>Guvernul urmeaz\u0103 s\u0103 valideze \u00een \u015fedin\u0163a de s\u00e2mb\u0103t\u0103, printr-o hot\u0103r\u00e2re, m\u0103surile adoptate joi seara de Comitetul Na\u0163ional pentru Situa\u0163ii de Urgen\u0163\u0103 privind gestionarea pandemiei de COVID-19.<\/strong><\/p>\n<p>&#8222;Sunt dou\u0103 modific\u0103ri, cea referitoare la \u015fcoli \u015fi am spus acolo c\u0103 r\u0103m\u00e2n cu prezen\u0163\u0103 fizic\u0103 (peste 6 la mia de locuitori &#8211; n.r.) \u015fi vor fi acele teste non-invazive care se vor face \u015fi decizia va fi de la Ministerul S\u0103n\u0103t\u0103\u0163ii \u015fi Ministerul Educa\u0163iei, dac\u0103 de dou\u0103 ori pe s\u0103pt\u0103m\u00e2n\u0103 sau o dat\u0103 pe s\u0103pt\u0103m\u00e2n\u0103. \u015ei cealalt\u0103 decizie este doar o modificare, peste 6 la mie p\u0103str\u0103m activit\u0103\u0163ile a\u015fa cum sunt, activit\u0103\u0163ile economice \u015fi pentru HoReCa \u015fi s\u0103li de sport \u015fi alte activit\u0103\u0163i, dar scoatem partea de testare, deci r\u0103m\u00e2ne trecut prin boal\u0103 \u015fi vaccinat, pentru acces&#8221;, a declarat, joi seara, la TVR, premierul Florin C\u00ee\u0163u.<\/p>\n<p>Comitetul Na\u0163ional pentru Situa\u0163ii de Urgen\u0163\u0103 a aprobat joi Hot\u0103r\u00e2rea nr. 76 prin care ministerele Educa\u0163iei \u015fi S\u0103n\u0103t\u0103\u0163ii sunt abilitate s\u0103 modifice ordinul comun astfel \u00eenc\u00e2t elevii s\u0103 poat\u0103 participa fizic la cursuri \u015fi dup\u0103 dep\u0103\u015firea ratei de infectare cu SARS-CoV-2 de 6 la mia de locuitori.<\/p>\n<p>Totodat\u0103, CNSU abiliteaz\u0103 cele dou\u0103 ministere s\u0103 stabileasc\u0103 modalit\u0103\u0163ile de adoptare a deciziilor de suspendare a prezen\u0163ei fizice la cursuri a antepre\u015fcolarilor, pre\u015fcolarilor \u015fi elevilor \u00een unit\u0103\u0163ile de \u00eenv\u0103\u0163\u0103m\u00e2nt, \u00een func\u0163ie de cazurile confirmate la nivel de clas\u0103\/\u015fcoal\u0103.<\/p>\n<p>Hot\u0103r\u00e2rea CNSU prevede \u015fi utilizarea testelor rapide antigen non-invazive efectuate din proba de saliv\u0103 pentru elevi, profesori\/\u00eenv\u0103\u0163\u0103tori, educatori, dar \u015fi majorarea cantit\u0103\u0163ilor stocurilor de urgen\u0163\u0103 medical\u0103 cu produse, materiale \u015fi echipamente sanitare necesare \u00een procesul de vaccinare.<\/p>\n<div class=\"clear10\"><\/div>\n<h2>Noile restric\u021bii care intr\u0103 \u00een vigoare<\/h2>\n<p>Hot\u0103r\u00e2rea mai prevede \u015fi modificarea m\u0103surilor adoptate la nivelul localit\u0103\u0163ilor \u00een care inciden\u0163a cumulat\u0103 a cazurilor, \u00een ultimele 14 zile, este mai mare de 6\/1.000 de locuitori, \u00een sensul permiterii desf\u0103\u015fur\u0103rii activit\u0103\u0163ilor cu participarea doar a persoanelor vaccinate sau trecute prin boal\u0103, p\u00e2n\u0103 la 50% din capacitatea maxim\u0103 a spa\u0163iului \u00een cazul restaurantelor, barurilor, cluburilor \u015fi discotecilor, cinematografelor, institu\u0163iilor de spectacole \u015fi\/sau concerte, institu\u0163iilor de cultur\u0103, evenimentelor private (nun\u0163i, botezuri, mese festive etc.), cursurilor de instruire \u015fi workshop-uri pentru adul\u0163i, conferin\u0163elor, s\u0103lilor de sport \u015fi\/sau fitness, jocurilor de noroc, piscinelor interioare, locuri de joac\u0103 pentru copii, s\u0103li de jocuri.<\/p>\n<p>De asemenea, o prevedere important\u0103 se refer\u0103 la obligativitatea purt\u0103rii m\u0103\u015ftii de protec\u0163ie \u00een toate spa\u0163iile publice \u00eenchise \u00een cazul inciden\u0163ei la 14 zile mai mare de 6\/1.000 de locuitori.<\/p>\n<p>Proiectul ar urma s\u0103 fie introdus pe lista suplimentar\u0103 a \u015fedin\u0163ei de Guvern.<\/p>\n<p>Pe agenda anun\u0163at\u0103 a reuniunii guvernamentale figureaz\u0103 un proiect de lege privind c\u0103utarea persoanelor disp\u0103rute. \u00cen expunerea de motive se arat\u0103 c\u0103 proiectul de lege este construit pe baza unor principii, care orienteaz\u0103 \u00eentreaga reglementare, \u015fi care plaseaz\u0103 \u00een centrul demersului persoana disp\u0103rut\u0103.<\/p>\n<p>Unul dintre principii se refer\u0103 la &#8222;prioritizarea cazurilor de dispari\u0163ie&#8221;, stabilind ca regula de ghidare a reglement\u0103rii faptul c\u0103 primele 48 de ore de la momentul dispari\u0163iei prezint\u0103 importan\u0163\u0103 crucial\u0103 \u00een ceea ce prive\u015fte \u015fansele de g\u0103sire a persoanei disp\u0103rute \u015fi, dup\u0103 caz, de salvare a acesteia.<\/p>\n<p>&#8222;\u00centreg proiectul stabile\u015fte mecanisme administrative care urm\u0103resc utilizarea intensiv\u0103 \u00een primele 48 de ore a resurselor de\u0163inute de autorit\u0103\u0163i sau puse la dispozi\u0163ie de parteneri, urm\u00e2nd ca ulterior activitatea de c\u0103utare s\u0103 fie ghidat\u0103 de datele \u015fi informa\u0163iile ob\u0163inute \u00een acest interval critic&#8221;, se arat\u0103 \u00een expunerea de motive.<\/p>\n<p>Un alt principiu, cel al &#8222;rolului activ&#8221;, instituie \u00een sarcina autorit\u0103\u0163ilor publice o obliga\u0163ie pozitiv\u0103 de ob\u0163inere a datelor \u015fi informa\u0163iilor necesare stabilirii faptului c\u0103 o persoan\u0103 este sau nu disp\u0103rut\u0103, precum \u015fi de realizare din oficiu a activit\u0103\u0163ilor de c\u0103utare a persoanelor disp\u0103rute.<\/p>\n<p>&#8222;\u00cen consecin\u0163\u0103, sesizarea unei dispari\u0163ii nu va fi niciodat\u0103 refuzat\u0103 pe motiv c\u0103 persoana care o depune nu cunoa\u015fte sau nu ofer\u0103 toate datele necesare autorit\u0103\u0163ii pentru g\u0103sirea persoanei disp\u0103rute. De asemenea, c\u0103utarea unei persoane \u015fi utilizarea anumitor metode de c\u0103utare nu este condi\u0163ionat\u0103 de o solicitare expres\u0103 \u00een acest sens&#8221;, conform expunerii de motive.<\/p>\n<h2>Hot\u0103r\u00e2ri \u0219i \u00een domeniul agricol<\/h2>\n<p>\u00cen \u015fedin\u0163a de Guvern urmeaz\u0103 s\u0103 fie adoptate \u015fi o serie de hot\u0103r\u00e2ri \u00een domeniul agricol. Acestea vizeaz\u0103 schemele de ajutor de stat pentru reducerea accizei la motorina utilizat\u0103 \u00een agricultur\u0103, pe cea referitoare la sectorul cre\u015fterii animalelor, pe cea de sprijin cuplat pentru m\u0103sura din sectorul zootehnic, speciile ovine \u015fi caprine, dar \u015fi stabilirea pentru anul 2021 a cuantumului per hectar al pl\u0103\u0163ii unice pe suprafa\u0163\u0103, al pl\u0103\u0163ii redistributive \u015fi a intervalelor de suprafa\u0163\u0103 pentru care se acord\u0103 aceasta, al pl\u0103\u0163ii pentru practici agricole benefice pentru clim\u0103 \u015fi mediu \u015fi al pl\u0103\u0163ii pentru tinerii fermieri.<\/p>\n<p>Printr-un alt proiect de hot\u0103r\u00e2re se va aproba modificarea \u015fi completarea HG nr. 313\/2017 privind organizarea \u015fi func\u0163ionarea Departamentului pentru dezvoltare durabil\u0103, \u00een sensul cre\u015fterii num\u0103rului de posturi de la 10 la 20 prin \u00eenfiin\u0163area \u00een subordinea direct\u0103 a conduc\u0103torului Departamentului, a Direc\u0163iei strategii, programe \u015fi proiecte de dezvoltare durabil\u0103, condus\u0103 de un director.<\/p>\n<p>Executivul va adopta, tot prin hot\u0103r\u00e2re, normativele de cheltuieli aferente organiz\u0103rii \u015fi desf\u0103\u015fur\u0103rii \u00een Rom\u00e2nia a Reuniunii mini\u015ftrilor ap\u0103r\u0103rii \u00een format B9, \u00een perioada 7-8 octombrie 2021.<\/p>\n<p>Totodat\u0103, Guvernul va aproba Nota de fundamentare privind necesitatea \u015fi oportunitatea efectu\u0103rii cheltuielilor aferente proiectului de investi\u0163ii &#8222;Achizi\u0163ie avioane mediu-curier&#8221;, proiect \u00een baza c\u0103ruia urmeaz\u0103 s\u0103 fie achizi\u0163ionate pentru dotarea Inspectoratului General de Avia\u0163ie (I.G.Av.), din cadrul MAI, dou\u0103 avioane mediu-curier capabile s\u0103 transporte minim 2 pacien\u0163i \u00een stare critic\u0103 pe o raz\u0103 de minim 2.000 km, valoarea estimat\u0103 (cu TVA) a aeronavelor fiind de 147.681 mii lei.<\/p>\n","protected":false},"excerpt":{"rendered":"<p>Guvernul urmeaz\u0103 s\u0103 valideze \u00een \u015fedin\u0163a de s\u00e2mb\u0103t\u0103, printr-o hot\u0103r\u00e2re, m\u0103surile adoptate joi seara de Comitetul Na\u0163ional pentru Situa\u0163ii de Urgen\u0163\u0103 privind gestionarea pandemiei de COVID-19. &#8222;Sunt dou\u0103 modific\u0103ri, cea referitoare la \u015fcoli \u015fi am spus acolo c\u0103 r\u0103m\u00e2n cu prezen\u0163\u0103 fizic\u0103 (peste 6 la mia de locuitori &#8211; n.r.) \u015fi vor fi acele teste [&hellip;]<\/p>\n","protected":false},"author":1,"featured_media":4470,"comment_status":"open","ping_status":"open","sticky":false,"template":"","format":"standard","meta":{"footnotes":""},"categories":[2,6],"tags":[],"class_list":["post-4469","post","type-post","status-publish","format-standard","has-post-thumbnail","hentry","category-actualitate","category-politic"],"_links":{"self":[{"href":"https:\/\/tvgiurgiu.ro\/index.php\/wp-json\/wp\/v2\/posts\/4469","targetHints":{"allow":["GET"]}}],"collection":[{"href":"https:\/\/tvgiurgiu.ro\/index.php\/wp-json\/wp\/v2\/posts"}],"about":[{"href":"https:\/\/tvgiurgiu.ro\/index.php\/wp-json\/wp\/v2\/types\/post"}],"author":[{"embeddable":true,"href":"https:\/\/tvgiurgiu.ro\/index.php\/wp-json\/wp\/v2\/users\/1"}],"replies":[{"embeddable":true,"href":"https:\/\/tvgiurgiu.ro\/index.php\/wp-json\/wp\/v2\/comments?post=4469"}],"version-history":[{"count":0,"href":"https:\/\/tvgiurgiu.ro\/index.php\/wp-json\/wp\/v2\/posts\/4469\/revisions"}],"wp:featuredmedia":[{"embeddable":true,"href":"https:\/\/tvgiurgiu.ro\/index.php\/wp-json\/wp\/v2\/media\/4470"}],"wp:attachment":[{"href":"https:\/\/tvgiurgiu.ro\/index.php\/wp-json\/wp\/v2\/media?parent=4469"}],"wp:term":[{"taxonomy":"category","embeddable":true,"href":"https:\/\/tvgiurgiu.ro\/index.php\/wp-json\/wp\/v2\/categories?post=4469"},{"taxonomy":"post_tag","embeddable":true,"href":"https:\/\/tvgiurgiu.ro\/index.php\/wp-json\/wp\/v2\/tags?post=4469"}],"curies":[{"name":"wp","href":"https:\/\/api.w.org\/{rel}","templated":true}]}}