{"id":4480,"date":"2021-10-03T09:13:47","date_gmt":"2021-10-03T09:13:47","guid":{"rendered":"https:\/\/tvgiurgiu.ro\/?p=4480"},"modified":"2021-10-03T09:13:47","modified_gmt":"2021-10-03T09:13:47","slug":"accident-rutier-pe-dn5-in-zona-bibita","status":"publish","type":"post","link":"https:\/\/tvgiurgiu.ro\/index.php\/2021\/10\/03\/accident-rutier-pe-dn5-in-zona-bibita\/","title":{"rendered":"Accident rutier, pe DN5, \u00een zona Bibi\u021ba"},"content":{"rendered":"<p>Evenimentul s-a produs pe sensul de mers spre Giurgiu.<br \/>\nConduc\u0103torul autoturismului, un b\u0103rbat \u00een v\u00e2rst\u0103 de 75 de ani, a fost g\u0103sit \u00eencarcerat. Acesta era con\u0219tient \u0219i a fost extras, \u00een siguran\u021b\u0103, de pompieri cu ajutorul accesoriilor de descarcerare.<\/p>\n<p><img loading=\"lazy\" decoding=\"async\" class=\"alignnone size-large wp-image-4481\" src=\"https:\/\/tvgiurgiu.ro\/wp-content\/uploads\/2021\/10\/54eb9f09-f752-4247-af70-1e803978d031-1024x804.jpg\" alt=\"\" width=\"1024\" height=\"804\" srcset=\"https:\/\/tvgiurgiu.ro\/wp-content\/uploads\/2021\/10\/54eb9f09-f752-4247-af70-1e803978d031-1024x804.jpg 1024w, https:\/\/tvgiurgiu.ro\/wp-content\/uploads\/2021\/10\/54eb9f09-f752-4247-af70-1e803978d031-300x235.jpg 300w, https:\/\/tvgiurgiu.ro\/wp-content\/uploads\/2021\/10\/54eb9f09-f752-4247-af70-1e803978d031-768x603.jpg 768w, https:\/\/tvgiurgiu.ro\/wp-content\/uploads\/2021\/10\/54eb9f09-f752-4247-af70-1e803978d031.jpg 1367w\" sizes=\"auto, (max-width: 1024px) 100vw, 1024px\" \/><br \/>\n\u0218i motociclistul, cet\u0103\u021bean bulgar, a avut nevoie de \u00eengrijiri medicale. Cei doi au fost prelua\u021bi de echipajele medicale \u0219i transporta\u021bi la spital.<\/p>\n<p><img loading=\"lazy\" decoding=\"async\" class=\"alignnone size-large wp-image-4482\" src=\"https:\/\/tvgiurgiu.ro\/wp-content\/uploads\/2021\/10\/474fec06-b75f-4a6b-8bd6-7d904f257223-1024x830.jpg\" alt=\"\" width=\"1024\" height=\"830\" srcset=\"https:\/\/tvgiurgiu.ro\/wp-content\/uploads\/2021\/10\/474fec06-b75f-4a6b-8bd6-7d904f257223-1024x830.jpg 1024w, https:\/\/tvgiurgiu.ro\/wp-content\/uploads\/2021\/10\/474fec06-b75f-4a6b-8bd6-7d904f257223-300x243.jpg 300w, https:\/\/tvgiurgiu.ro\/wp-content\/uploads\/2021\/10\/474fec06-b75f-4a6b-8bd6-7d904f257223-768x623.jpg 768w, https:\/\/tvgiurgiu.ro\/wp-content\/uploads\/2021\/10\/474fec06-b75f-4a6b-8bd6-7d904f257223.jpg 1480w\" sizes=\"auto, (max-width: 1024px) 100vw, 1024px\" \/><\/p>\n<p>Au fost implicate un autoturism \u0219i o motociclet\u0103. La fa\u021ba locului s-au deplasat pompierii din cadrul Deta\u0219amentului Giurgiu, cu o descarcerare, o autospecial\u0103 de stingere \u0219i o ambulan\u021b\u0103 SMURD.<\/p>\n","protected":false},"excerpt":{"rendered":"<p>Evenimentul s-a produs pe sensul de mers spre Giurgiu. Conduc\u0103torul autoturismului, un b\u0103rbat \u00een v\u00e2rst\u0103 de 75 de ani, a fost g\u0103sit \u00eencarcerat. Acesta era con\u0219tient \u0219i a fost extras, \u00een siguran\u021b\u0103, de pompieri cu ajutorul accesoriilor de descarcerare. \u0218i motociclistul, cet\u0103\u021bean bulgar, a avut nevoie de \u00eengrijiri medicale. Cei doi au fost prelua\u021bi de [&hellip;]<\/p>\n","protected":false},"author":1,"featured_media":4483,"comment_status":"open","ping_status":"open","sticky":false,"template":"","format":"standard","meta":{"footnotes":""},"categories":[2],"tags":[],"class_list":["post-4480","post","type-post","status-publish","format-standard","has-post-thumbnail","hentry","category-actualitate"],"_links":{"self":[{"href":"https:\/\/tvgiurgiu.ro\/index.php\/wp-json\/wp\/v2\/posts\/4480","targetHints":{"allow":["GET"]}}],"collection":[{"href":"https:\/\/tvgiurgiu.ro\/index.php\/wp-json\/wp\/v2\/posts"}],"about":[{"href":"https:\/\/tvgiurgiu.ro\/index.php\/wp-json\/wp\/v2\/types\/post"}],"author":[{"embeddable":true,"href":"https:\/\/tvgiurgiu.ro\/index.php\/wp-json\/wp\/v2\/users\/1"}],"replies":[{"embeddable":true,"href":"https:\/\/tvgiurgiu.ro\/index.php\/wp-json\/wp\/v2\/comments?post=4480"}],"version-history":[{"count":0,"href":"https:\/\/tvgiurgiu.ro\/index.php\/wp-json\/wp\/v2\/posts\/4480\/revisions"}],"wp:featuredmedia":[{"embeddable":true,"href":"https:\/\/tvgiurgiu.ro\/index.php\/wp-json\/wp\/v2\/media\/4483"}],"wp:attachment":[{"href":"https:\/\/tvgiurgiu.ro\/index.php\/wp-json\/wp\/v2\/media?parent=4480"}],"wp:term":[{"taxonomy":"category","embeddable":true,"href":"https:\/\/tvgiurgiu.ro\/index.php\/wp-json\/wp\/v2\/categories?post=4480"},{"taxonomy":"post_tag","embeddable":true,"href":"https:\/\/tvgiurgiu.ro\/index.php\/wp-json\/wp\/v2\/tags?post=4480"}],"curies":[{"name":"wp","href":"https:\/\/api.w.org\/{rel}","templated":true}]}}