{"id":4490,"date":"2021-10-03T11:11:00","date_gmt":"2021-10-03T11:11:00","guid":{"rendered":"https:\/\/tvgiurgiu.ro\/?p=4490"},"modified":"2021-10-03T11:17:46","modified_gmt":"2021-10-03T11:17:46","slug":"premierul-florin-citu-a-primit-a-iii-a-doza-de-vaccin-impotriva-covid-19-la-spitalul-universitar-de-urgenta-militar-central-dr-carol-davila","status":"publish","type":"post","link":"https:\/\/tvgiurgiu.ro\/index.php\/2021\/10\/03\/premierul-florin-citu-a-primit-a-iii-a-doza-de-vaccin-impotriva-covid-19-la-spitalul-universitar-de-urgenta-militar-central-dr-carol-davila\/","title":{"rendered":"Premierul Florin C\u00ee\u021bu a primit a III-a doz\u0103 de vaccin \u00eempotriva COVID-19, la Spitalul Universitar de Urgen\u021b\u0103 Militar Central &#8216;Dr. Carol Davila&#8217;"},"content":{"rendered":"<p>Declara\u021biile premierului Florin C\u00ee\u021bu dup\u0103 vaccinarea \u00eempotriva Covid-19 cu doza de rapel booster (doza a III-a) la Centrul de vaccinare din Spitalul Universitar de Urgen\u021b\u0103 Militar Central \u201eDr. Carol Davila\u201d.<\/p>\n<p><a href=\"https:\/\/www.stiripesurse.ro\/personalitati\/florin-citu_3112.html\" target=\"_blank\" rel=\"noopener\">Florin C\u00ee\u0163u<\/a>: Bun\u0103 ziua! Ast\u0103zi am f\u0103cut cea de-a treia doz\u0103 cu vaccin, recomandat\u0103 de medic, pentru a m\u0103 proteja \u00een continuare de virusul coronavirus. \u00cei \u00eencurajez pe to\u021bi cei care deja s-au vaccinat \u0219i au deja \u0219ase luni de zile s\u0103 vin\u0103 s\u0103-\u0219i fac\u0103 a treia doz\u0103, mai ales persoanele care sunt peste 65 de ani, persoane care au deja probleme, ar trebui s\u0103 vin\u0103 urgent s\u0103 se vaccineze. Bine\u00een\u021beles, \u00eei \u00eencurajez pe to\u021bi rom\u00e2nii; cei care nu s-au vaccinat ar trebui s\u0103 se vaccineze. A\u021bi v\u0103zut c\u0103 majoritatea cov\u00e2r\u0219itoare, absolut\u0103 aproape, a persoanelor care ast\u0103zi se \u00eemboln\u0103vesc \u0219i care ajung \u00een spital sunt persoane nevaccinate. Este foarte important, a\u021bi v\u0103zut presiunea pe spitalele din Rom\u00e2nia, este foarte important s\u0103 ne vaccin\u0103m, este solu\u021bia, singura solu\u021bie pe care o avem acum este s\u0103 ne vaccin\u0103m. Dac\u0103 sunt c\u00e2teva \u00eentreb\u0103ri&#8230;<\/p>\n<p>Reporter: Domnule premier, \u00een ianuarie, pe 13 ianuarie, c\u00e2nd a\u021bi fost tot aici pentru a v\u0103 vaccina cu prima doz\u0103, a\u021bi declarat c\u0103, citez, &#8222;obiectivul meu este de a avea 10,4 milioane de persoane vaccinate \u00een luna septembrie&#8221;. Suntem \u00een luna septembrie \u0219i sunt vaccinate 5.413.000 de persoane. Unde crede\u021bi c\u0103 s-a gre\u0219it, cine este responsabil pentru c\u0103 nu s-a ajuns la acel obiectiv, pe care chiar dumneavoastr\u0103 l-a\u021bi impus la \u00eenceputul campaniei de vaccinare?<\/p>\n<p>Florin C\u00ee\u0163u: Obiectivul respectiv era legat de num\u0103rul de doze pe care puteam s\u0103-l avem pentru a vaccina persoanele. Era un obiectiv pe care \u00eel asumam, implicit spuneam c\u0103 vom avea \u00een Rom\u00e2nia dozele respective \u0219i oamenii trebuie s\u0103 se vaccineze. Dar ne uit\u0103m acum \u0219i ne-am uitat \u0219i la protestul de ieri, un protest cinic, \u00een ziua \u00een care aveam cel mai mare num\u0103r de persoane vaccinate, \u0219i vedem c\u0103 avem multe explica\u021bii. Una dintre ele este c\u0103 avem un partid \u00een Rom\u00e2nia \u0219i avem o mi\u0219care sus\u021binut\u0103 \u0219i de partide care ar fi fost oarecum proeuropene care au un mesaj antivaccinare, mesaj care este preluat, din p\u0103cate, \u0219i de televiziuni \u0219i dus mai departe, este un mesaj cu care trebuie s\u0103 ne lupt\u0103m. Campania noastr\u0103 la televizor a fost prezentat\u0103, dar nu cred c\u0103 a fost prezentat\u0103 la fel de mult cum au fost prezentate aceste mesaje. Cred c\u0103 atunci c\u00e2nd \u00een\u021belegem cu to\u021bii c\u0103 trebuie s\u0103 promov\u0103m mai mult mesajele provaccinare \u0219i mai pu\u021bin pe cele antivaccinare, vom vedea mai multe persoane vaccinate. \u00cen acela\u0219i timp, trebuie s\u0103 spun c\u0103 este responsabilitatea fiec\u0103ruia dintre noi s\u0103 ne vaccin\u0103m \u0219i trebuie s\u0103 ne g\u00e2ndim c\u0103 atunci c\u00e2nd ne vaccin\u0103m ne protej\u0103m pe noi \u0219i \u00eei protej\u0103m \u0219i pe cei din jurul nostru, familiile noastre, pe cei apropia\u021bi.<\/p>\n<p>Reporter: 8,98 este ast\u0103zi inciden\u021ba pe capital\u0103. Am v\u0103zut c\u0103 au ap\u0103rut acele restric\u021bii care \u00eei vizeaz\u0103 mai mult pe cei care nu s-au vaccinat. Crede\u021bi c\u0103 aceasta ar fi o solu\u021bie astfel \u00eenc\u00e2t mai multe persoane s\u0103 se vaccineze?<\/p>\n<p>Florin C\u00ee\u0163u: Asta este opinia noastr\u0103. Am v\u0103zut c\u0103 \u0219i \u00een alte \u021b\u0103ri s-a mers \u00een aceast\u0103 direc\u021bie, folosim aceea\u0219i metod\u0103, persoanele care sunt vaccinate pot beneficia de mai multe sau nu, nu au aceste restric\u021bii, persoanele nevaccinate vor trebui s\u0103 respecte aceste reguli.<\/p>\n<p>Reporter: Domnule premier, spunea\u021bi mai devreme despre protestul care a avut loc asear\u0103. Au fost mul\u021bi manifestan\u021bi, \u0219i f\u0103r\u0103 masc\u0103, ca atare ne a\u0219tept\u0103m s\u0103pt\u0103m\u00e2na viitoare la o explozie a num\u0103rului de infect\u0103ri. Ce strategie ave\u021bi sau cum ve\u021bi gestiona \u00eempreun\u0103 cu autorit\u0103\u021bile avizate situa\u021bia, av\u00e2nd \u00een vedere num\u0103rul limitat de paturi la ATI?<\/p>\n<p>Florin C\u00ee\u0163u: Vede\u021bi dumneavoastr\u0103, iresponsabilitatea unor oameni dup\u0103 aceea pic\u0103 pe umerii celorlal\u021bi rom\u00e2ni. Ceilal\u021bi rom\u00e2ni trebuie s\u0103 cheltuie mai mul\u021bi bani pentru c\u0103 unii sunt iresponsabili \u0219i vor ajunge la spital. Vom asigura resursele necesare ca to\u021bi cei care, din p\u0103cate, vor avea nevoie &#8211; eu sper s\u0103 nu fie mul\u021bi &#8211; dar cei care vor avea nevoie de \u00eengrijiri medicale s\u0103 beneficieze de condi\u021bii c\u00e2t mai bune \u00een aceast\u0103 perioad\u0103, dar s\u0103 \u0219ti\u021bi c\u0103 sunt din ce \u00een ce mai mul\u021bi oameni care se uit\u0103 \u0219i spun c\u0103 cei care sunt vaccina\u021bi, cei care respect\u0103 regulile se uit\u0103 la ceilal\u021bi \u0219i spun: oare de ce trebuie s\u0103 pl\u0103tim noi pentru toate aceste iresponsabilit\u0103\u021bi? P\u00e2n\u0103 la urm\u0103, repet, este datoria fiec\u0103ruia dintre noi, responsabilitatea noastr\u0103 s\u0103 ne protej\u0103m, s\u0103-i protej\u0103m pe cei din jur. Ce ar ajuta \u00een aceast\u0103 perioad\u0103 este ca politicienii, liderii politici s\u0103 se dezic\u0103 total de cei care au aceste campanii antivaccinare. Nu i-am v\u0103zut \u00eenc\u0103, dar vom vedea, dac\u0103 \u00een perioada urm\u0103toare&#8230;<\/p>\n<p>Reporter: \/&#8230;\/ amenzi au fost date asear\u0103? Ce m\u0103suri au fost luate \u0219i dac\u0103 v\u0103 a\u0219tepta\u021bi la proteste \u0219i ast\u0103zi?<\/p>\n<p>Florin C\u00ee\u0163u: M\u0103 a\u0219tept s\u0103 fi fost date amenzi, \u00eenc\u0103 nu avem situa\u021bia amenzilor.<\/p>\n<p>Reporter: Dar ce face\u021bi acum concret s\u0103 revitaliza\u021bi campania de vaccinare?<\/p>\n<p>Florin C\u00ee\u0163u: Campania de vaccinare s-a revitalizat, a\u021bi v\u0103zut c\u0103 a crescut num\u0103rul de persoane, zilnic din ce \u00een ce mai multe persoane se vaccineaz\u0103. Vom promova ca \u0219i p\u00e2n\u0103 acum. Sunt ast\u0103zi aici s\u0103 m\u0103 vaccinez cu a treia doz\u0103. Le spun tuturor c\u0103 este singura solu\u021bie. A\u021bi v\u0103zut, \u00een Rom\u00e2nia, deci vedem din ce \u00een ce mai multe persoane care se vaccineaz\u0103 \u0219i \u00eencerc\u0103m prin toate aceste m\u0103suri pe care le-am luat, \u00een care persoanele vaccinate au acces sau r\u0103m\u00e2n&#8230; firmele r\u0103m\u00e2n deschise, activit\u0103\u021bile economice r\u0103m\u00e2n deschise pentru persoanele vaccinate sau trecute prin boal\u0103.<\/p>\n<p>Reporter: Domnule premier, statul rom\u00e2n a e\u0219uat \u00een misiunea sa fundamental\u0103 de a-\u0219i proteja cet\u0103\u021benii, spunea pre\u0219edintele Rom\u00e2niei, Klaus Iohannis, \u00een urm\u0103 cu dou\u0103 zile \u00een acea declara\u021bie dup\u0103 ce a avut loc acel incendiu la spitalul din Constan\u0163a. Cine crede\u021bi c\u0103 a e\u0219uat, dac\u0103 este vorba despre un e\u0219ec la un nivel mai mare, av\u00e2nd \u00een vedere num\u0103rul mic de persoane vaccinate?<\/p>\n<p>Florin C\u00ee\u0163u: P\u00e2n\u0103 la urm\u0103, o s\u0103 reveni\u021bi la num\u0103rul de persoane vaccinate&#8230; Dac\u0103 ne uit\u0103m \u00een Rom\u00e2nia, repet, \u00een aceast\u0103 var\u0103 am avut o var\u0103 verde, Rom\u00e2nia a fost o economie deschis\u0103. Da, venea valul patru, am cerut s\u0103 fie preg\u0103tit\u0103 lumea, s\u0103 fie preg\u0103tit sistemul sanitar pentru valul patru. O s\u0103 avem o anchet\u0103 \u0219i rezultatele anchetei, vom vedea dac\u0103 a fost preg\u0103tit valul patru. Campania de vaccinare a fost o campanie prin care noi am adus vaccinul c\u0103tre to\u021bi rom\u00e2nii. Am avut campania de vaccinare &#8222;Ora\u0219ul vaccineaz\u0103 satul&#8221;, ne-am dus \u00een toat\u0103 tara \u0219i am prezentat, am folosit resursele pe care ele avem. Dar, repet, \u00een acela\u0219i timp, e nevoie de toat\u0103 lumea \u0219i e nevoie ca noi to\u021bi s\u0103 fim responsabili.<\/p>\n<p>Ast\u0103zi introducem \u0219i aceste m\u0103suri cu certificat verde, de exemplu vaccina\u021bii pot s\u0103 ias\u0103 \u00een zone carantinate, vom vedea dac\u0103 \u0219i acestea dau rezultate. Sunt m\u0103suri care au fost folosite \u0219i \u00een Uniunea European\u0103.<\/p>\n<p>Reporter: Domnule premier, mai sunt dou\u0103 zile p\u00e2n\u0103 la mo\u021biunea de cenzur\u0103. A\u021bi g\u0103sit acei 50 de parlamentari responsabili, a\u0219a cum \u00eei numea\u021bi dvs, care s\u0103 nu voteze mo\u021biunea?<\/p>\n<p>Florin C\u00ee\u0163u: Vede\u021bi dvs, \u00een acest moment \u00een Rom\u00e2nia p\u00e2n\u0103 acum am discutat despre problemele din sistemul de s\u0103n\u0103tate, dar s-a creat o coali\u021bie a iresponsabililor, o coali\u021bie bizar\u0103, \u00een care antivaccini\u015ftii stau la mas\u0103 cu vaccini\u015ftii, proeuropenii cu antieuropenii doar pentru a da jos un guvern al liberalilor. Aceast\u0103 coali\u021bie nu are un plan B pe care s\u0103-l prezinte rom\u00e2nilor. Cei de la PSD nu vor s\u0103 vin\u0103 la guvernare, cei de la USR spun c\u0103 ei vor cu cei pe care \u00eei dau jos ast\u0103zi de la guvernare, ceea ce este iresponsabil, iar cei de la AUR nu vor nimic. Aceast\u0103 coali\u021bie trebuie s\u0103 vin\u0103 s\u0103 ne spun\u0103 ce vrea de la Rom\u00e2nia. Ei sunt cei care vin mar\u021bi s\u0103 dea jos Guvernul Rom\u00e2niei. Pa\u0219ii urm\u0103tori trebuie s\u0103-i vedem de la AUR, USR \u0219i PSD, aceast\u0103 coali\u021bie iresponsabil\u0103 care, \u00een acest moment, \u00een Rom\u00e2nia, stau \u0219i fac aceste jocuri politice, nu se ocup\u0103 de altceva dec\u00e2t de a d\u0103r\u00e2ma un guvern. V\u0103 spun c\u0103 orice se \u00eent\u00e2mpl\u0103 dup\u0103 ziua de mar\u021bi este responsabilitatea celor de la USR, PSD \u0219i AUR.<\/p>\n<p>Reporter: Dacian Ciolo\u015f a declarat \u00een aceast\u0103 diminea\u021b\u0103&#8230; Dacian Ciolo\u015f, noul \u0219ef USR PLUS, c\u0103 a\u0219teapt\u0103 s\u0103 fie invitat la discu\u021bii de c\u0103tre PNL. Ve\u021bi ini\u021bia dvs aceste discu\u021bii?<\/p>\n<p>Florin C\u00ee\u0163u: PNL nu are ce discuta cu un partid care d\u0103 jos guvernul PNL, mai ales atunci c\u00e2nd se asociaz\u0103 cu AUR, un partid extremist \u0219i cu cei de la PSD, cei care sunt du\u0219manii rom\u00e2nilor. Deci, nu avem ce discuta \u00een acest moment, iar dup\u0103 ziua de mar\u021bi vom vedea care sunt op\u021biunile, dar eu zic c\u0103 toaste op\u021biunile sunt pe mas\u0103 dup\u0103 ziua de mar\u021bi. \u00cen momentul c\u00e2nd alegi&#8230; \u0218i aici, iar\u0103\u0219i, trebuie s\u0103 vedem aceast\u0103 ipocrizie, dac\u0103 cei de la USR ar fi spus \u00een campania electoral\u0103 sau dup\u0103 aceea c\u0103 ei vor vota al\u0103turi de AUR \u0219i al\u0103turi de PSD s\u0103 dea jos guvernul PNL, niciodat\u0103 n-am fi f\u0103cut o coali\u021bie cu cei de la USR. Au fost necinsti\u021bi, n-au fost one\u0219ti cu rom\u00e2nii \u0219i ast\u0103zi vedem c\u0103 de fapt pentru USR nu exist\u0103 nici un fel de scrupule, se al\u0103tur\u0103 acestor partide cu care noi, cei de la PNL, nu vrem s\u0103 avem de a face.<\/p>\n<p>Reporter: Dac\u0103 mo\u021biunea trece mar\u021bi, pentru c\u0103 matematic exist\u0103 aceast\u0103 posibilitate, ce legitimitate mai ave\u021bi ulterior s\u0103 conduce\u021bi Guvernul? \u0218i dac\u0103 se poate s\u0103 existe un premier din partea PNL care nu este pre\u0219edinte al Partidului National Liberal?<\/p>\n<p>Florin C\u00ee\u0163u: Partidul Na\u021bional Liberal deja \u0219i-a exprimat op\u021biunea. A spus foarte clar: este un partid care va merge&#8230; \u00een continuare va face totul pentru a fi la guvernare \u0219i pentru a implementa programul de guvernare. L-am v\u0103zut \u0219i pe domnul Dan Barna, care spunea un lucru pe care ar trebui cu to\u021bii s\u0103 \u00eel \u021binem minte acum, nu? Spunea c\u0103 obiectivul politic e important, nu instrumentul. Vom folosi aceast\u0103 declara\u021bie mai departe.<\/p>\n","protected":false},"excerpt":{"rendered":"<p>Declara\u021biile premierului Florin C\u00ee\u021bu dup\u0103 vaccinarea \u00eempotriva Covid-19 cu doza de rapel booster (doza a III-a) la Centrul de vaccinare din Spitalul Universitar de Urgen\u021b\u0103 Militar Central \u201eDr. Carol Davila\u201d. Florin C\u00ee\u0163u: Bun\u0103 ziua! Ast\u0103zi am f\u0103cut cea de-a treia doz\u0103 cu vaccin, recomandat\u0103 de medic, pentru a m\u0103 proteja \u00een continuare de virusul coronavirus. [&hellip;]<\/p>\n","protected":false},"author":1,"featured_media":4498,"comment_status":"open","ping_status":"open","sticky":false,"template":"","format":"standard","meta":{"footnotes":""},"categories":[2],"tags":[],"class_list":["post-4490","post","type-post","status-publish","format-standard","has-post-thumbnail","hentry","category-actualitate"],"_links":{"self":[{"href":"https:\/\/tvgiurgiu.ro\/index.php\/wp-json\/wp\/v2\/posts\/4490","targetHints":{"allow":["GET"]}}],"collection":[{"href":"https:\/\/tvgiurgiu.ro\/index.php\/wp-json\/wp\/v2\/posts"}],"about":[{"href":"https:\/\/tvgiurgiu.ro\/index.php\/wp-json\/wp\/v2\/types\/post"}],"author":[{"embeddable":true,"href":"https:\/\/tvgiurgiu.ro\/index.php\/wp-json\/wp\/v2\/users\/1"}],"replies":[{"embeddable":true,"href":"https:\/\/tvgiurgiu.ro\/index.php\/wp-json\/wp\/v2\/comments?post=4490"}],"version-history":[{"count":0,"href":"https:\/\/tvgiurgiu.ro\/index.php\/wp-json\/wp\/v2\/posts\/4490\/revisions"}],"wp:featuredmedia":[{"embeddable":true,"href":"https:\/\/tvgiurgiu.ro\/index.php\/wp-json\/wp\/v2\/media\/4498"}],"wp:attachment":[{"href":"https:\/\/tvgiurgiu.ro\/index.php\/wp-json\/wp\/v2\/media?parent=4490"}],"wp:term":[{"taxonomy":"category","embeddable":true,"href":"https:\/\/tvgiurgiu.ro\/index.php\/wp-json\/wp\/v2\/categories?post=4490"},{"taxonomy":"post_tag","embeddable":true,"href":"https:\/\/tvgiurgiu.ro\/index.php\/wp-json\/wp\/v2\/tags?post=4490"}],"curies":[{"name":"wp","href":"https:\/\/api.w.org\/{rel}","templated":true}]}}