{"id":4499,"date":"2021-10-03T11:21:22","date_gmt":"2021-10-03T11:21:22","guid":{"rendered":"https:\/\/tvgiurgiu.ro\/?p=4499"},"modified":"2021-10-03T11:21:22","modified_gmt":"2021-10-03T11:21:22","slug":"restrictii-in-bucuresti-lista-masurilor-aprobate-de-cmbsu-valabile-din-3-octombrie-circulatia-restrictionata-pentru-nevaccinati-intre-orele-20-00-si-5-00","status":"publish","type":"post","link":"https:\/\/tvgiurgiu.ro\/index.php\/2021\/10\/03\/restrictii-in-bucuresti-lista-masurilor-aprobate-de-cmbsu-valabile-din-3-octombrie-circulatia-restrictionata-pentru-nevaccinati-intre-orele-20-00-si-5-00\/","title":{"rendered":"Restric\u021bii \u00een Bucure\u0219ti. Lista m\u0103surilor aprobate de CMBSU, valabile din 3 octombrie. Circula\u021bia, restric\u021bionat\u0103 pentru nevaccina\u021bi \u00eentre orele 20.00 \u0219i 5.00."},"content":{"rendered":"<p>Comitetul Municipiului Bucure\u015fti pentru Situa\u0163ii de Urgen\u0163\u0103 (CMBSU) s-a \u00eentrunit, s\u00e2mb\u0103t\u0103 sear\u0103, \u00eentr-o \u0219edin\u021b\u0103 pentru a stabili noi m\u0103suri, \u00een contextul cre\u0219terii ratei de inciden\u0163\u0103 \u00een Capital\u0103.<\/p>\n<p>Restric\u021bii \u00een Bucure\u0219ti. Lista m\u0103surilor aprobate de CMBSU, valabile din 3 octombrie. Circula\u021bia, restric\u021bionat\u0103 pentru nevaccina\u021bi \u00eentre orele 20.00 \u0219i 5.00.<\/p>\n<div class=\"liveblog__title\">\n<h2>Restric\u021bii \u00een Bucure\u0219ti<\/h2>\n<\/div>\n<div class=\"liveblog__text\">\n<div class=\"single__content\">\n<p>Comitetul Municipiului Bucure\u0219ti pentru Situa\u021bii de Urgen\u021b\u0103 a decis s\u00e2mb\u0103t\u0103 seara alte restric\u021bii.<\/p>\n<p>Astfel, circula\u021bia este restric\u021bionat\u0103 \u00eentre 20.00 \u2013 05.00, de luni p\u00e2n\u0103 vineri, pentru nevaccina\u021bi. Ace\u0219tia pot circula doar dac\u0103 au un motiv bine \u00eentemeiat.<\/p>\n<p>De asemenea masca devine obligatorie \u00een pie\u021be, t\u00e2rguri, b\u00e2lciuri, sta\u021bii pentru transportul \u00een comun, spa\u021biile comerciale, mijloacele de transport \u00een comun \u0219i la locul de munc\u0103. Masca trebuie purtat\u0103 \u0219i pe o raz\u0103 de 50 m \u00een jurul unit\u0103\u021bilor de \u00eenv\u0103\u021b\u0103m\u00e2nt.<\/p>\n<p>Cinematografele, concertele, festivalurile se organizeaz\u0103 cu participarea publicului p\u00e2n\u0103 la 50% din capacitatea maxim\u0103 a spa\u021biului \u0219i cu purtarea m\u0103\u0219tii.<\/p>\n<p>Participarea este permis\u0103 doar pentru persoanele care sunt vaccinate \u00eempotriva virusului SARS-CoV2 \u015fi pentru care au trecut 10 zile de la finalizarea schemei complete de vaccinare, respectiv persoanele trecute prin boal\u0103.<\/p>\n<p>M\u0103surile anun\u021bate intr\u0103 \u00een vigoare din aceast\u0103 sear\u0103 de la ora 00.00<\/p>\n<div class=\"liveblog__title\">\n<h2>Raed Arafat: \u201eNoi cerem oamenilor s\u0103 se vaccineze c\u00e2t mai repede\u201d<\/h2>\n<\/div>\n<div class=\"liveblog__text\">\n<div class=\"single__content\">\n<p>\u00cen cadrul unei conferin\u021be de pres\u0103, Raed Arafat a transmis c\u0103 \u00eenc\u0103 nu s-a luat \u00een calcul aceast\u0103 varianta carantin\u0103rii Bucure\u0219tiului.<\/p>\n<p><strong><em>\u201eLa acest moment nu s-a discutat \u015fi p\u00e2n\u0103 la m\u0103sura carantin\u0103rii se iau alte m\u0103suri care s\u0103 limiteze r\u0103sp\u00e2ndirea.<\/em><\/strong><\/p>\n<p><strong><em>Dorin\u0163a noastr\u0103 este s\u0103 nu bloc\u0103m un ora\u015f mare, cu economie cu tot, mai ales c\u0103 avem c\u0103ile de a rezolva problema.(\u2026)<\/em><\/strong><\/p>\n<p><strong><em>Noi cerem oamenilor s\u0103 se vaccineze c\u00e2t mai repede, c\u00e2t mai mul\u0163i, ca s\u0103 ie\u015fim din aceast\u0103 situa\u0163ie\u201d<\/em><\/strong>, a afirmat Raed Arafat, dup\u0103 \u0219edin\u021ba de Guvern, potrivit news.ro.<\/p>\n<p>Inciden\u0163a cumulat\u0103 a cazurilor de COVID-19 a ajuns s\u00e2mb\u0103t\u0103 \u00een Bucure\u0219ti la 8.28 la mia de locuitori. \u00cen ultimele 24 de ore au fost depistate peste 2500 de infect\u0103ri \u00een capital\u0103.<\/p>\n<p>O \u015fedin\u0163\u0103 a Comitetului Municipiului Bucure\u015fti pentru Situa\u0163ii de Urgen\u0163\u0103 va fi convocat\u0103, dup\u0103 ce va fi aprobat\u0103 \u015fi publicat\u0103 \u00een Monitorul Oficial hot\u0103r\u00e2rea de Guvern privind noile restric\u0163ii.<\/p>\n<div class=\"liveblog__title\">\n<h2>Rata de infectare \u00een Capital\u0103 a ajuns la 8,28 de cazuri la mia de locuitori<\/h2>\n<\/div>\n<div class=\"liveblog__text\">\n<div class=\"single__content\">\n<p>Direc\u021bia de S\u0103n\u0103tate Public\u0103 Bucure\u0219ti a transmis c\u0103 rata de infectare din Bucure\u0219ti a ajuns, s\u00e2mb\u0103t\u0103, 2 octombrie, la 8,28 la mia de locuitori, dup\u0103 ce vineri era la 7,68.<\/p>\n<p>Cre\u0219terea vine dup\u0103 ce autorit\u0103\u021bile locale au anun\u021bat deja noi restric\u021bii, care intr\u0103 \u00een vigoare de duminic\u0103. Acestea ar putea fi modificate \u00een cursul zilei de s\u00e2mb\u0103t\u0103, dup\u0103 ce Guvernul adopt\u0103 Hot\u0103r\u00e2rea privind noile m\u0103suri, conform Libertatea.<\/p>\n<p>Este pentru prima dat\u0103 c\u00e2nd Bucure\u0219ti \u00eenregistreaz\u0103 o rat\u0103 de infectare de peste 8 la mia de locuitori. \u00cen urm\u0103 cu 10 zile, inciden\u021ba din Bucure\u0219ti era la jum\u0103tatea cifrei actuale.<\/p>\n<p><strong>Rata de infectare \u00een Bucure\u0219ti \u00een ultimele 10 zile:<\/strong><\/p>\n<ul>\n<li>23 septembrie \u2013 3,65<\/li>\n<li>24 septembrie \u2013 3,77<\/li>\n<li>25 septembrie \u2013 4,10<\/li>\n<li>26 septembrie \u2013 4,35<\/li>\n<li>27 septembrie \u2013 4,95<\/li>\n<li>28 septembrie \u2013 5,57<\/li>\n<li>29 septembrie \u2013 6,33<\/li>\n<li>30 septembrie \u2013 6,64<\/li>\n<li>1 octombrie \u2013 7,68<\/li>\n<li>2 octombrie \u2013 8,28<\/li>\n<\/ul>\n<p>Comitetul Municipiului Bucure\u0219ti pentru Situa\u021bii de Urgen\u021b\u0103 a anun\u021bat, \u00eenc\u0103 de vineri sear\u0103, c\u0103 urmeaz\u0103 s\u0103 fie impuse mai multe restric\u021bii, care intr\u0103 \u00een vigoare la miezul nop\u021bii.<\/p>\n<p>Una dintre decizii face referire la obligativitatea purt\u0103rii m\u0103\u0219tii \u00een spa\u021biile publice \u00eenchise \u00een localit\u0103\u021bile unde inciden\u021ba a trecut de la 6 la 1000 de locuitori.<\/p>\n<p>\u00cen spa\u021biile publice (pie\u021be, t\u00e2rguri, b\u00e2lciuri, talciocuri, sta\u021bii pentru transportul \u00een comun, spa\u021biile comerciale, mijloacele de transport \u00een comun \u0219i la locul de munc\u0103) se instituie obligativitatea purt\u0103rii m\u0103\u0219tii de protec\u021bie, astfel \u00eenc\u00e2t s\u0103 acopere nasul \u0219i gura.<\/p>\n<p>Totodat\u0103, magazinele \u0219i operatorii economici de servicii vor func\u021biona cu publicul doar p\u00e2n\u0103 la ora 18:00, ulterior fiind disponibil\u0103 doar livrarea la domiciliu.<\/p>\n<p>Competi\u021biile sportive pot avea loc cu participarea doar a celor vaccina\u021bi. \u00cen schimb, cinematografele \u0219i s\u0103lile de spectacole vor fi \u00eenchise. Totodat\u0103, se instituie carantina de weekend, c\u00e2nd de la ora 20:00 vor putea circula doar cei vaccina\u021bi sau care au un motiv \u00eentemeiat.<\/p>\n<p>\u00cen ultimele 24 de ore au fost \u00eenregistrate 10.887 de cazuri noi de persoane infectate cu SARS \u2013 CoV \u2013 2. \u00cen municipiul Bucure\u0219ti au fost raportate 2.428 de \u00eemboln\u0103viri.\u00a0 De la \u00eenceputul pandemiei, 210.565 de persoane au fost infectate \u00een Bucure\u0219ti.<\/p>\n<\/div>\n<\/div>\n<\/div>\n<\/div>\n<\/div>\n<\/div>\n","protected":false},"excerpt":{"rendered":"<p>Comitetul Municipiului Bucure\u015fti pentru Situa\u0163ii de Urgen\u0163\u0103 (CMBSU) s-a \u00eentrunit, s\u00e2mb\u0103t\u0103 sear\u0103, \u00eentr-o \u0219edin\u021b\u0103 pentru a stabili noi m\u0103suri, \u00een contextul cre\u0219terii ratei de inciden\u0163\u0103 \u00een Capital\u0103. Restric\u021bii \u00een Bucure\u0219ti. Lista m\u0103surilor aprobate de CMBSU, valabile din 3 octombrie. Circula\u021bia, restric\u021bionat\u0103 pentru nevaccina\u021bi \u00eentre orele 20.00 \u0219i 5.00. Restric\u021bii \u00een Bucure\u0219ti Comitetul Municipiului Bucure\u0219ti pentru [&hellip;]<\/p>\n","protected":false},"author":1,"featured_media":4500,"comment_status":"open","ping_status":"open","sticky":false,"template":"","format":"standard","meta":{"footnotes":""},"categories":[2],"tags":[],"class_list":["post-4499","post","type-post","status-publish","format-standard","has-post-thumbnail","hentry","category-actualitate"],"_links":{"self":[{"href":"https:\/\/tvgiurgiu.ro\/index.php\/wp-json\/wp\/v2\/posts\/4499","targetHints":{"allow":["GET"]}}],"collection":[{"href":"https:\/\/tvgiurgiu.ro\/index.php\/wp-json\/wp\/v2\/posts"}],"about":[{"href":"https:\/\/tvgiurgiu.ro\/index.php\/wp-json\/wp\/v2\/types\/post"}],"author":[{"embeddable":true,"href":"https:\/\/tvgiurgiu.ro\/index.php\/wp-json\/wp\/v2\/users\/1"}],"replies":[{"embeddable":true,"href":"https:\/\/tvgiurgiu.ro\/index.php\/wp-json\/wp\/v2\/comments?post=4499"}],"version-history":[{"count":0,"href":"https:\/\/tvgiurgiu.ro\/index.php\/wp-json\/wp\/v2\/posts\/4499\/revisions"}],"wp:featuredmedia":[{"embeddable":true,"href":"https:\/\/tvgiurgiu.ro\/index.php\/wp-json\/wp\/v2\/media\/4500"}],"wp:attachment":[{"href":"https:\/\/tvgiurgiu.ro\/index.php\/wp-json\/wp\/v2\/media?parent=4499"}],"wp:term":[{"taxonomy":"category","embeddable":true,"href":"https:\/\/tvgiurgiu.ro\/index.php\/wp-json\/wp\/v2\/categories?post=4499"},{"taxonomy":"post_tag","embeddable":true,"href":"https:\/\/tvgiurgiu.ro\/index.php\/wp-json\/wp\/v2\/tags?post=4499"}],"curies":[{"name":"wp","href":"https:\/\/api.w.org\/{rel}","templated":true}]}}