{"id":450,"date":"2020-11-17T11:39:00","date_gmt":"2020-11-17T11:39:00","guid":{"rendered":"https:\/\/tvgiurgiu.ro\/?p=450"},"modified":"2020-11-17T11:39:00","modified_gmt":"2020-11-17T11:39:00","slug":"scolile-se-inchid-in-toata-europa","status":"publish","type":"post","link":"https:\/\/tvgiurgiu.ro\/index.php\/2020\/11\/17\/scolile-se-inchid-in-toata-europa\/","title":{"rendered":"\u0218colile se \u00eenchid \u00een toat\u0103 Europa"},"content":{"rendered":"<p>Mai toate m\u0103surile ferme luate de Guvernul Orban pentru combaterea pandemiei par s\u0103 fie<br \/>\nconfirmate, \u00een fiecare zi, de deciziile de lockdown, luate de c\u00e2t mai multe state europene, \u00een<br \/>\nultima perioad\u0103. \u0218colile, gr\u0103dini\u021bele, magazinele sunt \u00eenchise, r\u00e2nd pe r\u00e2nd \u00een \u021b\u0103rile UE, dup\u0103 ce<br \/>\nau \u00eencercat s\u0103 le men\u021bin\u0103 por\u021bile deschise, mai multe luni de zile. Dar valul doi al pandemiei i-a<br \/>\nlovit pe to\u021bi europenii, virusul av\u00e2nd o r\u0103sp\u00e2ndire exponen\u021bial\u0103, f\u0103r\u0103 precedent.<br \/>\nAstfel, \u00een doar c\u00e2teva zile, \u021b\u0103ri ca Austria, Grecia, Ungaria, au decis \u00eenchiderea tuturor<br \/>\ninstitu\u021biilor publice, inclusiv \u0219colile, dar \u0219i magazinele \u0219i restaurantele, iar circula\u021bia a fost drastic<br \/>\nrestric\u021bionat\u0103, oamenii av\u00e2nd dreptul s\u0103 ias\u0103 din cas\u0103 doar cu motive temeinice.<br \/>\nDe exemplu, Grecia a anun\u021bat s\u00e2mb\u0103t\u0103 c\u0103 \u00eenchide \u0219colile primare, precum \u0219i gr\u0103dini\u021bele \u0219i<br \/>\ncre\u0219ele, p\u00e2n\u0103 la sf\u00e2r\u0219itul lunii. Premierul grec a declarat c\u0103 aceast\u0103 m\u0103sur\u0103 a fost luat\u0103 pentru a<br \/>\nlimita deplas\u0103rile p\u0103rin\u021bilor, profesorilor \u0219i a bunicilor. De asemenea, pentru a putea circula pe<br \/>\nstr\u0103zi, grecii sunt nevoi\u021bi s\u0103 trimit\u0103 un sms autorit\u0103\u021bilor \u00een vederea motiv\u0103rii scopului deplas\u0103rii.<br \/>\nAustria a decis, de asemenea, acum trei zile, \u00eenchiderea \u0219colilor pentru dou\u0103 s\u0103pt\u0103m\u00e2ni, \u00een urma<br \/>\ncre\u0219terii alarmante a cazurilor de coronavirus.\u0218eful executivului austriac a recunoscut c\u0103<br \/>\nguvernul nu reu\u0219e\u0219te s\u0103 mai g\u0103seasc\u0103 sursa infec\u021biilor \u00een contextul unei transmiteri comunitare<br \/>\naccentuate.<br \/>\n\u00cen Ungaria, de ieri, s-au \u00eenchis \u0219colile \u0219i restaurantele, iar adun\u0103rile publice sunt restric\u021bionate.<br \/>\nPremierul Ungariei sus\u021bine c\u0103 noile restric\u021bii sunt necesare, deoarece \u201cdac\u0103 infect\u0103rile cu<br \/>\ncoronavirus continu\u0103 s\u0103 creasc\u0103 \u00een ritmul actual, spitalele ungare nu vor putea face fa\u0163\u0103<br \/>\nsolicit\u0103rilor\u201d.<br \/>\nS-a dus \u0219i mitul suedez, dup\u0103 ce \u00een aceast\u0103 \u021bar\u0103 nordic\u0103 a explodat num\u0103rul de cazuri de<br \/>\ncoronavirus. Astfel, guvernul suedez trece la m\u0103suri drastice pentru combaterea covid-19. \u00cen<br \/>\nacela\u0219i timp, modelul norvegian ar trebui urmat de toate \u021b\u0103rile europene. \u00cen urma deciziei luate<br \/>\nde autorit\u0103\u021bilor sanitare, echipa de fotbal a refuzat s\u0103 fac\u0103 deplasarea la Bucure\u0219ti pentru meciul<br \/>\ndisputat cu Rom\u00e2nia \u00een Liga Na\u021biunilor, dup\u0103 ce un fotbalist norvegian a fost g\u0103sit pozitiv.<br \/>\nRom\u00e2nia a luat aceste m\u0103suri din timp, de acum dou\u0103 s\u0103pt\u0103m\u00e2ni \u0219i bine a f\u0103cut pentru c\u0103<br \/>\nprimele efecte par s\u0103 apar\u0103: num\u0103rul de infest\u0103ri, zilnic, nu a mai crescut \u00een ultimele zile.<\/p>\n","protected":false},"excerpt":{"rendered":"<p>Mai toate m\u0103surile ferme luate de Guvernul Orban pentru combaterea pandemiei par s\u0103 fie confirmate, \u00een fiecare zi, de deciziile de lockdown, luate de c\u00e2t mai multe state europene, \u00een ultima perioad\u0103. \u0218colile, gr\u0103dini\u021bele, magazinele sunt \u00eenchise, r\u00e2nd pe r\u00e2nd \u00een \u021b\u0103rile UE, dup\u0103 ce au \u00eencercat s\u0103 le men\u021bin\u0103 por\u021bile deschise, mai multe luni [&hellip;]<\/p>\n","protected":false},"author":1,"featured_media":451,"comment_status":"open","ping_status":"open","sticky":false,"template":"","format":"standard","meta":{"footnotes":""},"categories":[3],"tags":[],"class_list":["post-450","post","type-post","status-publish","format-standard","has-post-thumbnail","hentry","category-social"],"_links":{"self":[{"href":"https:\/\/tvgiurgiu.ro\/index.php\/wp-json\/wp\/v2\/posts\/450","targetHints":{"allow":["GET"]}}],"collection":[{"href":"https:\/\/tvgiurgiu.ro\/index.php\/wp-json\/wp\/v2\/posts"}],"about":[{"href":"https:\/\/tvgiurgiu.ro\/index.php\/wp-json\/wp\/v2\/types\/post"}],"author":[{"embeddable":true,"href":"https:\/\/tvgiurgiu.ro\/index.php\/wp-json\/wp\/v2\/users\/1"}],"replies":[{"embeddable":true,"href":"https:\/\/tvgiurgiu.ro\/index.php\/wp-json\/wp\/v2\/comments?post=450"}],"version-history":[{"count":0,"href":"https:\/\/tvgiurgiu.ro\/index.php\/wp-json\/wp\/v2\/posts\/450\/revisions"}],"wp:featuredmedia":[{"embeddable":true,"href":"https:\/\/tvgiurgiu.ro\/index.php\/wp-json\/wp\/v2\/media\/451"}],"wp:attachment":[{"href":"https:\/\/tvgiurgiu.ro\/index.php\/wp-json\/wp\/v2\/media?parent=450"}],"wp:term":[{"taxonomy":"category","embeddable":true,"href":"https:\/\/tvgiurgiu.ro\/index.php\/wp-json\/wp\/v2\/categories?post=450"},{"taxonomy":"post_tag","embeddable":true,"href":"https:\/\/tvgiurgiu.ro\/index.php\/wp-json\/wp\/v2\/tags?post=450"}],"curies":[{"name":"wp","href":"https:\/\/api.w.org\/{rel}","templated":true}]}}