{"id":4510,"date":"2021-10-04T14:11:47","date_gmt":"2021-10-04T14:11:47","guid":{"rendered":"https:\/\/tvgiurgiu.ro\/?p=4510"},"modified":"2021-10-04T14:11:47","modified_gmt":"2021-10-04T14:11:47","slug":"mai-multe-paturi-la-spitalul-judetean","status":"publish","type":"post","link":"https:\/\/tvgiurgiu.ro\/index.php\/2021\/10\/04\/mai-multe-paturi-la-spitalul-judetean\/","title":{"rendered":"Mai multe paturi la spitalul jude\u021bean"},"content":{"rendered":"<p>Num\u0103rul tot mai mare de persoane infectate \u00een ultima perioad\u0103 cu noul<br \/>\ncoronavirus determin\u0103 autorit\u0103\u021bile s\u0103 ia m\u0103suri extreme.<br \/>\nAstfel, sec\u021bia de Neurologie a Spitalului Jude\u021bean de Urgen\u021b\u0103 va fi<br \/>\ntransformat\u0103 \u00een sec\u021bie COVID anun\u021b\u0103 Institu\u021bia Prefectului.<br \/>\nDecizia vine ca urmare a faptului c\u0103 \u00een spitalul din Giurgiu nu mai sunt<br \/>\nlocuri pentru pacien\u021bii cu Sars-Cov-2.<br \/>\nSec\u021bia de Boli Infec\u021bioase, acolo unde sunt trata\u021bi ace\u0219tia, a fost deja<br \/>\nsuplimentat\u0103 cu 10 paturi, alte 4 locuri fiind create la Terapie Intensiv\u0103<br \/>\npentru cei cu forme severe ale bolii.<br \/>\nDin p\u0103cate, conform ultimului raport transmis de Institu\u021bia Prefectului, 6<br \/>\ngiurgiuveni infecta\u021bi cu coronavirus au decedat duminic\u0103 \u00een Spitalul<br \/>\nJude\u021bean de Urgen\u021b\u0103.<br \/>\nDe asemenea, \u00een ultimele 24 de ore au fost confirmate pozitiv 26 de<br \/>\ncazuri la un num\u0103r de 165 de persoane testate.<br \/>\nAproximativ 2.000 de giurgiuveni se afl\u0103 momentan \u00een carantin\u0103 sau<br \/>\nizolare la domiciliu, 61 fiind spitaliza\u021bi.<\/p>\n","protected":false},"excerpt":{"rendered":"<p>Num\u0103rul tot mai mare de persoane infectate \u00een ultima perioad\u0103 cu noul coronavirus determin\u0103 autorit\u0103\u021bile s\u0103 ia m\u0103suri extreme. Astfel, sec\u021bia de Neurologie a Spitalului Jude\u021bean de Urgen\u021b\u0103 va fi transformat\u0103 \u00een sec\u021bie COVID anun\u021b\u0103 Institu\u021bia Prefectului. Decizia vine ca urmare a faptului c\u0103 \u00een spitalul din Giurgiu nu mai sunt locuri pentru pacien\u021bii cu [&hellip;]<\/p>\n","protected":false},"author":1,"featured_media":4511,"comment_status":"open","ping_status":"open","sticky":false,"template":"","format":"standard","meta":{"footnotes":""},"categories":[2],"tags":[],"class_list":["post-4510","post","type-post","status-publish","format-standard","has-post-thumbnail","hentry","category-actualitate"],"_links":{"self":[{"href":"https:\/\/tvgiurgiu.ro\/index.php\/wp-json\/wp\/v2\/posts\/4510","targetHints":{"allow":["GET"]}}],"collection":[{"href":"https:\/\/tvgiurgiu.ro\/index.php\/wp-json\/wp\/v2\/posts"}],"about":[{"href":"https:\/\/tvgiurgiu.ro\/index.php\/wp-json\/wp\/v2\/types\/post"}],"author":[{"embeddable":true,"href":"https:\/\/tvgiurgiu.ro\/index.php\/wp-json\/wp\/v2\/users\/1"}],"replies":[{"embeddable":true,"href":"https:\/\/tvgiurgiu.ro\/index.php\/wp-json\/wp\/v2\/comments?post=4510"}],"version-history":[{"count":0,"href":"https:\/\/tvgiurgiu.ro\/index.php\/wp-json\/wp\/v2\/posts\/4510\/revisions"}],"wp:featuredmedia":[{"embeddable":true,"href":"https:\/\/tvgiurgiu.ro\/index.php\/wp-json\/wp\/v2\/media\/4511"}],"wp:attachment":[{"href":"https:\/\/tvgiurgiu.ro\/index.php\/wp-json\/wp\/v2\/media?parent=4510"}],"wp:term":[{"taxonomy":"category","embeddable":true,"href":"https:\/\/tvgiurgiu.ro\/index.php\/wp-json\/wp\/v2\/categories?post=4510"},{"taxonomy":"post_tag","embeddable":true,"href":"https:\/\/tvgiurgiu.ro\/index.php\/wp-json\/wp\/v2\/tags?post=4510"}],"curies":[{"name":"wp","href":"https:\/\/api.w.org\/{rel}","templated":true}]}}