{"id":4516,"date":"2021-10-04T14:20:12","date_gmt":"2021-10-04T14:20:12","guid":{"rendered":"https:\/\/tvgiurgiu.ro\/?p=4516"},"modified":"2021-10-04T14:20:12","modified_gmt":"2021-10-04T14:20:12","slug":"ziua-agriculturii-giurgiuvene","status":"publish","type":"post","link":"https:\/\/tvgiurgiu.ro\/index.php\/2021\/10\/04\/ziua-agriculturii-giurgiuvene\/","title":{"rendered":"Ziua Agriculturii Giurgiuvene"},"content":{"rendered":"<p>Week-end-ul care a trecut a adus s\u0103rb\u0103toare at\u00e2t pentru autorit\u0103\u021bile locale<br \/>\n\u0219i jude\u021bene dar mai ales pentru porduc\u0103torii din jude\u021bul Giurgiu. Pe pietonala<br \/>\nMircea cel B\u0103tr\u00e2n din ora\u0219, Prim\u0103ria Giurgiu, Consiliului Jude\u021bean, Insitutu\u021bia<br \/>\nPrefectului \u0219i Comitetul de Coordonare a Administra\u0163iei Agricole au organizat,<br \/>\ns\u00e2mb\u0103t\u0103, 2 octombrie, Ziua Agriculturii Giurgiuvene \u2013 o s\u0103rb\u0103toare a<br \/>\np\u0103m\u00e2ntului, a recoltei \u0219i a fermierului.<\/p>\n<p>Evenimentul de s\u00e2mb\u0103t\u0103, 2 octombrie a avut un scop bine definit, acela de a<br \/>\npromova produsele fermierilor giurgiuveni.<\/p>\n<p>Pre\u015fedintele Consiliului jude\u0163ean, Dumitru Beianu, i-a asigurat pe produc\u0103torii<br \/>\ngiurgiuveni c\u0103 institu\u0163ia pe care o conduce le va oferi \u00een continuare tot sprijinul<br \/>\nde care ace\u015ftia au nevoie. De asemenea, acesta le-a vorbit celor prezen\u0163i \u015fi din<br \/>\npunctul de vedere al unui agricultor amator, care \u00een\u0163elege toat\u0103 munca grea pe<br \/>\ncare fermierii giurgiuveni o depun.<\/p>\n<p>&nbsp;<\/p>\n","protected":false},"excerpt":{"rendered":"<p>Week-end-ul care a trecut a adus s\u0103rb\u0103toare at\u00e2t pentru autorit\u0103\u021bile locale \u0219i jude\u021bene dar mai ales pentru porduc\u0103torii din jude\u021bul Giurgiu. Pe pietonala Mircea cel B\u0103tr\u00e2n din ora\u0219, Prim\u0103ria Giurgiu, Consiliului Jude\u021bean, Insitutu\u021bia Prefectului \u0219i Comitetul de Coordonare a Administra\u0163iei Agricole au organizat, s\u00e2mb\u0103t\u0103, 2 octombrie, Ziua Agriculturii Giurgiuvene \u2013 o s\u0103rb\u0103toare a p\u0103m\u00e2ntului, a [&hellip;]<\/p>\n","protected":false},"author":1,"featured_media":4517,"comment_status":"open","ping_status":"open","sticky":false,"template":"","format":"standard","meta":{"footnotes":""},"categories":[2],"tags":[],"class_list":["post-4516","post","type-post","status-publish","format-standard","has-post-thumbnail","hentry","category-actualitate"],"_links":{"self":[{"href":"https:\/\/tvgiurgiu.ro\/index.php\/wp-json\/wp\/v2\/posts\/4516","targetHints":{"allow":["GET"]}}],"collection":[{"href":"https:\/\/tvgiurgiu.ro\/index.php\/wp-json\/wp\/v2\/posts"}],"about":[{"href":"https:\/\/tvgiurgiu.ro\/index.php\/wp-json\/wp\/v2\/types\/post"}],"author":[{"embeddable":true,"href":"https:\/\/tvgiurgiu.ro\/index.php\/wp-json\/wp\/v2\/users\/1"}],"replies":[{"embeddable":true,"href":"https:\/\/tvgiurgiu.ro\/index.php\/wp-json\/wp\/v2\/comments?post=4516"}],"version-history":[{"count":0,"href":"https:\/\/tvgiurgiu.ro\/index.php\/wp-json\/wp\/v2\/posts\/4516\/revisions"}],"wp:featuredmedia":[{"embeddable":true,"href":"https:\/\/tvgiurgiu.ro\/index.php\/wp-json\/wp\/v2\/media\/4517"}],"wp:attachment":[{"href":"https:\/\/tvgiurgiu.ro\/index.php\/wp-json\/wp\/v2\/media?parent=4516"}],"wp:term":[{"taxonomy":"category","embeddable":true,"href":"https:\/\/tvgiurgiu.ro\/index.php\/wp-json\/wp\/v2\/categories?post=4516"},{"taxonomy":"post_tag","embeddable":true,"href":"https:\/\/tvgiurgiu.ro\/index.php\/wp-json\/wp\/v2\/tags?post=4516"}],"curies":[{"name":"wp","href":"https:\/\/api.w.org\/{rel}","templated":true}]}}