{"id":4554,"date":"2021-10-07T07:31:24","date_gmt":"2021-10-07T07:31:24","guid":{"rendered":"https:\/\/tvgiurgiu.ro\/?p=4554"},"modified":"2021-10-07T07:31:24","modified_gmt":"2021-10-07T07:31:24","slug":"de-ce-a-fost-exclusa-testarea-din-certificatul-verde-arafat-riscul-e-mare-am-avut-arma-in-mana-dar-ne-am-batut-joc","status":"publish","type":"post","link":"https:\/\/tvgiurgiu.ro\/index.php\/2021\/10\/07\/de-ce-a-fost-exclusa-testarea-din-certificatul-verde-arafat-riscul-e-mare-am-avut-arma-in-mana-dar-ne-am-batut-joc\/","title":{"rendered":"De ce a fost exclus\u0103 testarea din certificatul verde. Arafat: Riscul e mare. Am avut arma \u00een m\u00e2n\u0103, dar ne-am b\u0103tut joc"},"content":{"rendered":"<p>Invitat la DigiFM, Raed Arafat, \u0219eful DSU, a venit cu preciz\u0103ri referitoare la motivele care au dus la excluderea test\u0103rii din certificatul verde:<\/p>\n<p>\u201eEu cred c\u0103 managerii iau m\u0103surile ca oamenii lor, dac\u0103 nu sunt vaccina\u021bi, m\u0103car s\u0103 fie testa\u021bi, pentru a nu fi o problem\u0103 acolo. Testatul p\u00e2n\u0103 la 6 la mie nu are nicio problem\u0103. De la 6 la mie s-a pus problema, deoarece \u00eenseamn\u0103 c\u0103 ai rat\u0103 de r\u0103sp\u00e2ndire foarte mare \u00een zona respectiv\u0103 \u0219i riscul e ca testa\u021bii nevaccina\u021bi \u0219i care nu au trecut prin boal\u0103 s\u0103 devin\u0103 victime ale virusului. \u00cei pui \u00eentr-o zon\u0103 de risc mai mare, iar riscul s\u0103 ajung\u0103 \u00een terapie intensiv\u0103 e mai mare\u201c, a precizat \u0219eful DSU:<\/p>\n<h2>Peste 300 de persoane moarte de coronavirus \u00een 24 de ore<\/h2>\n<p>\u201eE o tragedie, o cifr\u0103 imens\u0103. Puteam s\u0103 evit\u0103m, am avut \u0219i arma \u00een m\u00e2n\u0103, dar ne-am b\u0103tut joc, au \u00eencercat unii, \u0219i au \u0219i reu\u0219it, prin toate c\u0103ile s\u0103 conving\u0103 majoritatea popula\u021biei s\u0103 nu se vaccineze. Noi am avut arma care putea s\u0103 previn\u0103 ce este ast\u0103zi. Arma o avem din decembrie \u0219i a fost disponibil\u0103. M\u0103 refer la to\u021bi care au f\u0103cut din aceast\u0103 problem\u0103 un scandal \u0219i un r\u0103zboi, indiferent de care fel \u0219i cei care au \u00eencercat s\u0103 impun\u0103 p\u0103rerile lor \u0219i s-au deschis c\u0103ile s\u0103 impun\u0103 p\u0103rerile lor antivacciniste, chiar dac\u0103 nu au la baz\u0103 nimic \u0219tiin\u021bific.<\/p>\n<p>Avem cu to\u021bii \u00een cap toate aceste discu\u021bii, dezbateri \u00eempotriva vaccin\u0103rii. Sunt miliarde de oameni vaccina\u021bi \u00een lume, iar noi suntem sub media mondial\u0103. Acum c\u00e2teva zile am citit un material \u00een care media mondial\u0103 e pe la 45%, iar Rom\u00e2nia e pe la 30\u201c, a spus Raed Arafat.<\/p>\n<div align=\"center\"><\/div>\n<p>&nbsp;<\/p>\n<h2>Valeriu Gheorghi\u021b\u0103: O persoan\u0103 din 100, poten\u021bial infectat\u0103<\/h2>\n<p>Dr. Valeriu Gheorghi\u021b\u0103 a f\u0103cut c\u00e2teva preciz\u0103ri, joi, la Spitalul Militar, dup\u0103 ce s-a vaccinat cu doza 3.<\/p>\n<p>\u201eAst\u0103zi, riscul de infectare este foarte mare.&#8221;, a avertizat dr. Valeriu Gheorghi\u021b\u0103, \u00een fa\u021ba Spitalului Militar.<\/p>\n<p>\u0218eful CNCAV a explicat c\u0103\u00a0&#8222;practic, \u00een momentul de fa\u021b\u0103, dac\u0103 vorbim de o rat\u0103 de inciden\u021b\u0103 de peste 10 la mie, \u00eenseamn\u0103 c\u0103 o persoan\u0103 din 100 este poten\u021bial infectat\u0103 c\u00e2nd mergem pe strad\u0103. Riscul de infectare este crescut.&#8221;<\/p>\n<p>\u00cen acest sens, dr. Valeriu Gheorghi\u021b\u0103 a mai spus c\u0103 &#8222;decizia de a nu \u00eemi vaccina, de pild\u0103, copilul de 12 ani, de teama unor reac\u021bii adverse, nu este una suficient de \u00eentemeiat\u0103 \u021bin\u00e2nd cont c\u0103 boala \u00een sine este mult mai complicat\u0103 ca evolu\u021bie \u0219i ca poten\u021biale sechele pe termen lung, inclusiv acele riscuri de complica\u021bii cardiace de care \u0219tim c\u0103 majoritatea tinerilor se tem\u201c<\/p>\n","protected":false},"excerpt":{"rendered":"<p>Invitat la DigiFM, Raed Arafat, \u0219eful DSU, a venit cu preciz\u0103ri referitoare la motivele care au dus la excluderea test\u0103rii din certificatul verde: \u201eEu cred c\u0103 managerii iau m\u0103surile ca oamenii lor, dac\u0103 nu sunt vaccina\u021bi, m\u0103car s\u0103 fie testa\u021bi, pentru a nu fi o problem\u0103 acolo. Testatul p\u00e2n\u0103 la 6 la mie nu are [&hellip;]<\/p>\n","protected":false},"author":1,"featured_media":4555,"comment_status":"open","ping_status":"open","sticky":false,"template":"","format":"standard","meta":{"footnotes":""},"categories":[2],"tags":[],"class_list":["post-4554","post","type-post","status-publish","format-standard","has-post-thumbnail","hentry","category-actualitate"],"_links":{"self":[{"href":"https:\/\/tvgiurgiu.ro\/index.php\/wp-json\/wp\/v2\/posts\/4554","targetHints":{"allow":["GET"]}}],"collection":[{"href":"https:\/\/tvgiurgiu.ro\/index.php\/wp-json\/wp\/v2\/posts"}],"about":[{"href":"https:\/\/tvgiurgiu.ro\/index.php\/wp-json\/wp\/v2\/types\/post"}],"author":[{"embeddable":true,"href":"https:\/\/tvgiurgiu.ro\/index.php\/wp-json\/wp\/v2\/users\/1"}],"replies":[{"embeddable":true,"href":"https:\/\/tvgiurgiu.ro\/index.php\/wp-json\/wp\/v2\/comments?post=4554"}],"version-history":[{"count":0,"href":"https:\/\/tvgiurgiu.ro\/index.php\/wp-json\/wp\/v2\/posts\/4554\/revisions"}],"wp:featuredmedia":[{"embeddable":true,"href":"https:\/\/tvgiurgiu.ro\/index.php\/wp-json\/wp\/v2\/media\/4555"}],"wp:attachment":[{"href":"https:\/\/tvgiurgiu.ro\/index.php\/wp-json\/wp\/v2\/media?parent=4554"}],"wp:term":[{"taxonomy":"category","embeddable":true,"href":"https:\/\/tvgiurgiu.ro\/index.php\/wp-json\/wp\/v2\/categories?post=4554"},{"taxonomy":"post_tag","embeddable":true,"href":"https:\/\/tvgiurgiu.ro\/index.php\/wp-json\/wp\/v2\/tags?post=4554"}],"curies":[{"name":"wp","href":"https:\/\/api.w.org\/{rel}","templated":true}]}}