{"id":4557,"date":"2021-10-07T07:35:06","date_gmt":"2021-10-07T07:35:06","guid":{"rendered":"https:\/\/tvgiurgiu.ro\/?p=4557"},"modified":"2021-10-07T07:35:06","modified_gmt":"2021-10-07T07:35:06","slug":"protest-in-fata-ministerului-muncii-raluca-turcan-te-provocam-sa-traiesti-pe-salariul-minim","status":"publish","type":"post","link":"https:\/\/tvgiurgiu.ro\/index.php\/2021\/10\/07\/protest-in-fata-ministerului-muncii-raluca-turcan-te-provocam-sa-traiesti-pe-salariul-minim\/","title":{"rendered":"Protest \u00een fa\u021ba Ministerului Muncii: &#8216;Raluca Turcan, te provoc\u0103m s\u0103 tr\u0103ie\u015fti pe salariul minim"},"content":{"rendered":"<p>Comunitatea Declic organizeaz\u0103, joi, \u00een fa\u0163a Ministerului Muncii, o ac\u0163iune de protest prin care membrii comunit\u0103\u0163ii \u00eei lanseaz\u0103 o provocare inedit\u0103 actualului ministru al Muncii: \u201dRaluca Turcan, te provoc\u0103m s\u0103 tr\u0103ie\u015fti cu salariul minim pe economie\u201d. Membrii comunit\u0103\u0163ii vor depune \u015fi o peti\u021bie semnat\u0103 de 35.000 de persoane.<\/p>\n<p>\u201dPentru a atrage aten\u0163ia asupra faptului c\u0103 salariul minim pe economie este insuficient, membrii Declic vor alinia 30 de co\u015furi de cump\u0103r\u0103turi pe trotuarul din fa\u0163a ministerului, c\u00e2te unul pentru fiecare zi a unei luni, \u015fi-i vor ar\u0103ta Raluc\u0103i Turcan ce \u00eenseamn\u0103 cu adev\u0103rat s\u0103 tr\u0103ie\u015fti cu doar 1.524 de lei\u201d, au transmis organizatorii.<\/p>\n<p>Protestul are loc, joi, de la ora 10.00, \u00een fa\u0163a MInisterului Muncii.<\/p>\n<p>\u201dRaluca Turcan pare c\u0103 nu con\u015ftientizeaz\u0103 ce \u00eenseamn\u0103 s\u0103 tr\u0103ie\u015fti cu salariul minim. A\u015fa c\u0103 o vom provoca s\u0103 tr\u0103iasc\u0103 \u015fi ea cu 1.524 de lei pe lun\u0103 \u015fi s\u0103 ne spun\u0103 cum i-ar \u00eemp\u0103r\u0163i, pe ce i-ar cheltui. Va reu\u015fi s\u0103 supravie\u0163uiasc\u0103 sau \u00ee\u015fi va mai lua un part-time pe l\u00e2ng\u0103 jobul de la minister, ca s\u0103-\u015fi creasc\u0103 veniturile?!\u2018\u2019 a declarat Andu\u0163a Karetsou, campaigner Declic.<\/p>\n<p>Cu acela\u015fi prilej, Comunitatea Declic va depune \u015fi peti\u0163ia semnat\u0103 de 35 de mii de cet\u0103\u0163eni care cer Guvernului s\u0103 sus\u0163in\u0103 legea european\u0103 pentru salarii minime decente \u015fi s\u0103 identifice solu\u0163ii \u015fi politici na\u0163ionale pentru salarii ce nu \u00eemping angaja\u0163ii la limita s\u0103r\u0103ciei.<\/p>\n<p>\u201dMembrii Declic atrag aten\u0163ia asupra faptului c\u0103, formula de calcul a salariului minim, lansat\u0103 zilele acestea de guvernan\u0163i, nu ia \u00een considerare \u015fi valoarea co\u015fului minim de consum pentru un trai decent, \u00eenc\u0103lc\u00e2nd Legea 174\/2020. Salariul minim net \u00een Rom\u00e2nia a fost stabilit la 1.524 lei de la 1 ianuarie 2022, printr-o formul\u0103 ce \u00eencalc\u0103 legea \u015fi care, perpetuat\u0103 \u015fi \u00een urm\u0103torii ani, \u00eei va condamna la s\u0103r\u0103cie pe termen nedefinit pe cei 1,3 milioane de angaja\u0163i pe salariul minim\u201d, au mai transmis organizatorii.<\/p>\n","protected":false},"excerpt":{"rendered":"<p>Comunitatea Declic organizeaz\u0103, joi, \u00een fa\u0163a Ministerului Muncii, o ac\u0163iune de protest prin care membrii comunit\u0103\u0163ii \u00eei lanseaz\u0103 o provocare inedit\u0103 actualului ministru al Muncii: \u201dRaluca Turcan, te provoc\u0103m s\u0103 tr\u0103ie\u015fti cu salariul minim pe economie\u201d. Membrii comunit\u0103\u0163ii vor depune \u015fi o peti\u021bie semnat\u0103 de 35.000 de persoane. \u201dPentru a atrage aten\u0163ia asupra faptului c\u0103 [&hellip;]<\/p>\n","protected":false},"author":1,"featured_media":4558,"comment_status":"open","ping_status":"open","sticky":false,"template":"","format":"standard","meta":{"footnotes":""},"categories":[2,6],"tags":[],"class_list":["post-4557","post","type-post","status-publish","format-standard","has-post-thumbnail","hentry","category-actualitate","category-politic"],"_links":{"self":[{"href":"https:\/\/tvgiurgiu.ro\/index.php\/wp-json\/wp\/v2\/posts\/4557","targetHints":{"allow":["GET"]}}],"collection":[{"href":"https:\/\/tvgiurgiu.ro\/index.php\/wp-json\/wp\/v2\/posts"}],"about":[{"href":"https:\/\/tvgiurgiu.ro\/index.php\/wp-json\/wp\/v2\/types\/post"}],"author":[{"embeddable":true,"href":"https:\/\/tvgiurgiu.ro\/index.php\/wp-json\/wp\/v2\/users\/1"}],"replies":[{"embeddable":true,"href":"https:\/\/tvgiurgiu.ro\/index.php\/wp-json\/wp\/v2\/comments?post=4557"}],"version-history":[{"count":0,"href":"https:\/\/tvgiurgiu.ro\/index.php\/wp-json\/wp\/v2\/posts\/4557\/revisions"}],"wp:featuredmedia":[{"embeddable":true,"href":"https:\/\/tvgiurgiu.ro\/index.php\/wp-json\/wp\/v2\/media\/4558"}],"wp:attachment":[{"href":"https:\/\/tvgiurgiu.ro\/index.php\/wp-json\/wp\/v2\/media?parent=4557"}],"wp:term":[{"taxonomy":"category","embeddable":true,"href":"https:\/\/tvgiurgiu.ro\/index.php\/wp-json\/wp\/v2\/categories?post=4557"},{"taxonomy":"post_tag","embeddable":true,"href":"https:\/\/tvgiurgiu.ro\/index.php\/wp-json\/wp\/v2\/tags?post=4557"}],"curies":[{"name":"wp","href":"https:\/\/api.w.org\/{rel}","templated":true}]}}