{"id":4563,"date":"2021-10-07T07:47:06","date_gmt":"2021-10-07T07:47:06","guid":{"rendered":"https:\/\/tvgiurgiu.ro\/?p=4563"},"modified":"2021-10-07T07:47:06","modified_gmt":"2021-10-07T07:47:06","slug":"avertismentul-meteorologilor-vine-iarna-temperaturile-scad-si-sunt-asteptate-ninsori","status":"publish","type":"post","link":"https:\/\/tvgiurgiu.ro\/index.php\/2021\/10\/07\/avertismentul-meteorologilor-vine-iarna-temperaturile-scad-si-sunt-asteptate-ninsori\/","title":{"rendered":"Avertismentul meteorologilor: Vine iarna! Temperaturile scad \u0219i sunt a\u0219teptate ninsori"},"content":{"rendered":"<p>Iarna vine mai devreme dec\u00e2t ne-am a\u0219teptat. Meteorologii au anun\u021bat c\u0103 temperaturile scad \u0219i sunt a\u0219teptate ninsori.<\/p>\n<p>Meteorologii au anun\u021bat c\u0103 un val de frig love\u0219te Rom\u00e2nia. \u00cen urm\u0103toarele zile temperaturile scad \u0219i va fi mai frig dec\u00e2t \u00een mod obi\u0219nuit.<\/p>\n<p><img loading=\"lazy\" decoding=\"async\" src=\"https:\/\/www.fanatik.ro\/wp-content\/themes\/FanatikTwenty\/assets\/images\/transparent.png\" width=\"1\" height=\"1\" \/><\/p>\n<p>\u00cen unele zone montane sunt a\u0219teptate \u0219i ninsori. \u00cen Bucure\u0219ti cerul va fi noros, iar v\u00e2ntul va fi mai puternic dup\u0103-amiaza \u0219i seara.<\/p>\n<p>Temperatura maxim\u0103 poate ajunge la 16 grade, \u00een timp ce cea minim\u0103 la 8 grade.<\/p>\n<h2>Avertismentul ANM: Temperaturile scad \u0219i sunt a\u0219teptate ninsori<\/h2>\n<p>Iarna \u00ee\u0219i intr\u0103 \u00een drepturi mai repede dec\u00e2t ne-am fi a\u0219teptat \u00een unele zone. <a class=\"internal_links\" href=\"https:\/\/www.fanatik.ro\/prognoza-anm-pentru-perioada-4-17-octombrie-cand-vor-reveni-ploile-in-tara-noastra-19768712\" target=\"_blank\" rel=\"noopener\">Meteorologii au anun\u021bat<\/a> c\u0103 un val de frig va lovi \u021bara noastr\u0103.<\/p>\n<p>Joi, \u00een Bucure\u0219ti va fi mai frig dec\u00e2t ar fi fost normal \u00een aceast\u0103 perioad\u0103 a anului. Temperatura maxim\u0103 va ajunge la 16 grade, \u00een timp ce cea minim\u0103 la 7 grade. Cerul este noros, dar nu sunt a\u0219teptate ploi. V\u00e2ntul va avea intensific\u0103ri mai ales dup\u0103-amiaz\u0103, dar \u0219i seara.<\/p>\n<p>Temperaturile continu\u0103 s\u0103 scad\u0103 vineri. Termometrele nu vor ar\u0103ta mai mult de 14 grade \u00een timpul zilei. Sunt a\u0219teptate ploi, iar v\u00e2ntul va sufla moderat.<\/p>\n<p>Vremea r\u0103m\u00e2ne la fel de rece \u0219i s\u00e2mb\u0103t\u0103.<\/p>\n<h2>Vremea se r\u0103ce\u0219te \u00een toat\u0103 \u021bara<\/h2>\n<p><a class=\"internal_links\" href=\"https:\/\/www.fanatik.ro\/prognoza-anm-pentru-intervalul-4-octombrie-1-noiembrie-2021-cand-revin-in-forta-ploile-in-romania-19765840\" target=\"_blank\" rel=\"noopener\">Meteorologii anun\u021b\u0103 c\u0103 vreme<\/a>a se va r\u0103ci \u00een toate regiunile \u00eenc\u0103 de joi. Cerul prezint\u0103 \u00eennor\u0103ri \u0219i sunt a\u0219teptate ploi \u00een vest, sud- vest \u0219i sud-est. La munte este foarte posibil s\u0103 ning\u0103 . V\u00e2ntul este moderat \u00een cele mai multe regiuni, prezent\u00e2nd intensific\u0103ri \u00een sudul Banatului, dar \u0219i pe crestele montane.<\/p>\n<p>Vineri \u0219i s\u00e2mb\u0103t\u0103, mai ales \u00een vestul, sudul \u0219i centrul \u021b\u0103rii sunt a\u0219teptate ploi, iar vremea va fi deosebit de rece pentru aceast\u0103 perioad\u0103. Temperaturile maxime ajung la 13..15 grade, \u00een timp ce minimele la 6..8 grade.<\/p>\n<p>Potrivit ANM, la munte vor avea loc precipita\u021bii mixte. Diminea\u021ba \u0219i seara \u00een mai multe zone va fi cea\u021b\u0103. V\u00e2ntul va sufla slab \u0219i moderat cu intensific\u0103ri \u00een Carpa\u021bii Meridionali. Temperaturile maxime nu vor dep\u0103\u0219i 18 grade, iar cele minime se situeaz\u0103 \u00eentre 1 \u0219i 12 grade.<\/p>\n<p>Nici s\u0103pt\u0103m\u00e2na urm\u0103toare vremea nu se \u00eendreapt\u0103. Temperatura medie a aerului va avea valori u\u0219or mai cobor\u00e2te dec\u00e2t cele normale pentru aceast\u0103 perioad\u0103, iar \u00een mai multe regiuni va ploua. Vremea se va \u00eenc\u0103lzi u\u0219or dup\u0103 data de 18 noiembrie.<\/p>\n","protected":false},"excerpt":{"rendered":"<p>Iarna vine mai devreme dec\u00e2t ne-am a\u0219teptat. Meteorologii au anun\u021bat c\u0103 temperaturile scad \u0219i sunt a\u0219teptate ninsori. Meteorologii au anun\u021bat c\u0103 un val de frig love\u0219te Rom\u00e2nia. \u00cen urm\u0103toarele zile temperaturile scad \u0219i va fi mai frig dec\u00e2t \u00een mod obi\u0219nuit. \u00cen unele zone montane sunt a\u0219teptate \u0219i ninsori. \u00cen Bucure\u0219ti cerul va fi noros, [&hellip;]<\/p>\n","protected":false},"author":1,"featured_media":4564,"comment_status":"open","ping_status":"open","sticky":false,"template":"","format":"standard","meta":{"footnotes":""},"categories":[2,9],"tags":[],"class_list":["post-4563","post","type-post","status-publish","format-standard","has-post-thumbnail","hentry","category-actualitate","category-meteo"],"_links":{"self":[{"href":"https:\/\/tvgiurgiu.ro\/index.php\/wp-json\/wp\/v2\/posts\/4563","targetHints":{"allow":["GET"]}}],"collection":[{"href":"https:\/\/tvgiurgiu.ro\/index.php\/wp-json\/wp\/v2\/posts"}],"about":[{"href":"https:\/\/tvgiurgiu.ro\/index.php\/wp-json\/wp\/v2\/types\/post"}],"author":[{"embeddable":true,"href":"https:\/\/tvgiurgiu.ro\/index.php\/wp-json\/wp\/v2\/users\/1"}],"replies":[{"embeddable":true,"href":"https:\/\/tvgiurgiu.ro\/index.php\/wp-json\/wp\/v2\/comments?post=4563"}],"version-history":[{"count":0,"href":"https:\/\/tvgiurgiu.ro\/index.php\/wp-json\/wp\/v2\/posts\/4563\/revisions"}],"wp:featuredmedia":[{"embeddable":true,"href":"https:\/\/tvgiurgiu.ro\/index.php\/wp-json\/wp\/v2\/media\/4564"}],"wp:attachment":[{"href":"https:\/\/tvgiurgiu.ro\/index.php\/wp-json\/wp\/v2\/media?parent=4563"}],"wp:term":[{"taxonomy":"category","embeddable":true,"href":"https:\/\/tvgiurgiu.ro\/index.php\/wp-json\/wp\/v2\/categories?post=4563"},{"taxonomy":"post_tag","embeddable":true,"href":"https:\/\/tvgiurgiu.ro\/index.php\/wp-json\/wp\/v2\/tags?post=4563"}],"curies":[{"name":"wp","href":"https:\/\/api.w.org\/{rel}","templated":true}]}}