{"id":4567,"date":"2021-10-07T07:49:41","date_gmt":"2021-10-07T07:49:41","guid":{"rendered":"https:\/\/tvgiurgiu.ro\/?p=4567"},"modified":"2021-10-07T07:49:41","modified_gmt":"2021-10-07T07:49:41","slug":"razie-organizata-de-politistii-giurgiuveni-si-garda-forestiera-bucuresti","status":"publish","type":"post","link":"https:\/\/tvgiurgiu.ro\/index.php\/2021\/10\/07\/razie-organizata-de-politistii-giurgiuveni-si-garda-forestiera-bucuresti\/","title":{"rendered":"RAZIE ORGANIZAT\u0102 DE POLI\u021aI\u0218TII GIURGIUVENI \u0218I GARDA  FORESTIER\u0102 BUCURE\u0218TI"},"content":{"rendered":"<p>\u00cen ziua de 6 octombrie a.c., \u00eentre orele 06.00 \u2013 14.00, poli\u021bi\u0219ti din cadrul<br \/>\nServiciului Ordine Public\u0103, Poli\u021biei Ora\u015f Bolintin Vale, Poli\u0163iei Ora\u015f Mih\u0103ile\u015fti, Sec\u0163iei<br \/>\nnr. 3 de Poli\u021bie Rural\u0103 Bolintin Vale \u0219i Sec\u0163iei nr. 8 de Poli\u021bie Rural\u0103 Roata de Jos,<br \/>\n\u00eempreun\u0103 cu reprezentan\u021bi din cadrul G\u0103rzii Forestiere Bucure\u0219ti au desf\u0103\u0219urat o ac\u021biune<br \/>\n\u00een zona de competen\u021b\u0103 a subunit\u0103\u021bilor sus men\u021bionate, care a avut ca scop verificarea<br \/>\nlegalit\u0103\u021bii transporturilor \u0219i valorific\u0103rii de material lemnos, precum \u0219i verificarea<br \/>\nagen\u021bilor economici care desf\u0103\u0219oar\u0103 astfel de activit\u0103\u021bi.<br \/>\n\u00cen cadrul ac\u021biunii, \u00een urma abaterilor constatate, au fost aplicate 12 sanc\u021biuni<br \/>\ncontraven\u021bionale, \u00een valoare de 3.140 de lei.<br \/>\nAu fost legitimate 59 de persoane, controlate 35 de autovehicule \u0219i confisca\u021bi valoric<br \/>\n4,16 mc cherestea, \u00een valoare de 2.664 de lei.<br \/>\nAstfel de ac\u021biuni vor fi desf\u0103\u0219urate \u0219i \u00een perioada urm\u0103toare!<\/p>\n","protected":false},"excerpt":{"rendered":"<p>\u00cen ziua de 6 octombrie a.c., \u00eentre orele 06.00 \u2013 14.00, poli\u021bi\u0219ti din cadrul Serviciului Ordine Public\u0103, Poli\u021biei Ora\u015f Bolintin Vale, Poli\u0163iei Ora\u015f Mih\u0103ile\u015fti, Sec\u0163iei nr. 3 de Poli\u021bie Rural\u0103 Bolintin Vale \u0219i Sec\u0163iei nr. 8 de Poli\u021bie Rural\u0103 Roata de Jos, \u00eempreun\u0103 cu reprezentan\u021bi din cadrul G\u0103rzii Forestiere Bucure\u0219ti au desf\u0103\u0219urat o ac\u021biune \u00een [&hellip;]<\/p>\n","protected":false},"author":1,"featured_media":4568,"comment_status":"open","ping_status":"open","sticky":false,"template":"","format":"standard","meta":{"footnotes":""},"categories":[2],"tags":[],"class_list":["post-4567","post","type-post","status-publish","format-standard","has-post-thumbnail","hentry","category-actualitate"],"_links":{"self":[{"href":"https:\/\/tvgiurgiu.ro\/index.php\/wp-json\/wp\/v2\/posts\/4567","targetHints":{"allow":["GET"]}}],"collection":[{"href":"https:\/\/tvgiurgiu.ro\/index.php\/wp-json\/wp\/v2\/posts"}],"about":[{"href":"https:\/\/tvgiurgiu.ro\/index.php\/wp-json\/wp\/v2\/types\/post"}],"author":[{"embeddable":true,"href":"https:\/\/tvgiurgiu.ro\/index.php\/wp-json\/wp\/v2\/users\/1"}],"replies":[{"embeddable":true,"href":"https:\/\/tvgiurgiu.ro\/index.php\/wp-json\/wp\/v2\/comments?post=4567"}],"version-history":[{"count":0,"href":"https:\/\/tvgiurgiu.ro\/index.php\/wp-json\/wp\/v2\/posts\/4567\/revisions"}],"wp:featuredmedia":[{"embeddable":true,"href":"https:\/\/tvgiurgiu.ro\/index.php\/wp-json\/wp\/v2\/media\/4568"}],"wp:attachment":[{"href":"https:\/\/tvgiurgiu.ro\/index.php\/wp-json\/wp\/v2\/media?parent=4567"}],"wp:term":[{"taxonomy":"category","embeddable":true,"href":"https:\/\/tvgiurgiu.ro\/index.php\/wp-json\/wp\/v2\/categories?post=4567"},{"taxonomy":"post_tag","embeddable":true,"href":"https:\/\/tvgiurgiu.ro\/index.php\/wp-json\/wp\/v2\/tags?post=4567"}],"curies":[{"name":"wp","href":"https:\/\/api.w.org\/{rel}","templated":true}]}}