{"id":4570,"date":"2021-10-07T09:22:07","date_gmt":"2021-10-07T09:22:07","guid":{"rendered":"https:\/\/tvgiurgiu.ro\/?p=4570"},"modified":"2021-10-07T09:22:07","modified_gmt":"2021-10-07T09:22:07","slug":"trei-barbati-sirieni-ascunsi-intr-un-ansamblu-rutier-depistati-la-p-t-f-giurgiu","status":"publish","type":"post","link":"https:\/\/tvgiurgiu.ro\/index.php\/2021\/10\/07\/trei-barbati-sirieni-ascunsi-intr-un-ansamblu-rutier-depistati-la-p-t-f-giurgiu\/","title":{"rendered":"Trei b\u0103rba\u021bi sirieni, ascun\u0219i \u00eentr-un ansamblu rutier, depista\u021bi la  P.T.F. Giurgiu"},"content":{"rendered":"<p>Poli\u0163i\u015ftii de frontier\u0103 giurgiuveni au depistat trei cet\u0103\u021beni str\u0103ini, care<br \/>\nau \u00eencercat s\u0103 treac\u0103 fraudulos frontiera de stat, pentru a ajunge \u00een Germania.<br \/>\nAce\u0219tia se aflau ascun\u0219i \u00een compartimentul marf\u0103 al unui ansamblu rutier,<br \/>\nprintre colete cu faian\u021b\u0103.<br \/>\n\u00cen seara de 06.10.2021, \u00een jurul orei 23.00, la Punctul de Trecere a<br \/>\nFrontierei Giurgiu, s-a prezentat pentru efectuarea formalit\u0103\u021bilor de frontier\u0103,<br \/>\nun cet\u0103\u021bean turc, \u00een v\u00e2rst\u0103 de 51 de ani, care conducea un ansamblu rutier.<br \/>\nConform documentelor de \u00eenso\u021bire a m\u0103rfii, \u00een autocamion se aflau colete cu<br \/>\nfaian\u021b\u0103 din Turcia destinate unei societ\u0103\u021bi din Rom\u00e2nia.<br \/>\n\u00cen urma controlului fizic preliminar efectuat asupra mijlocului de<br \/>\ntransport, poli\u021bi\u0219tii de frontier\u0103 au constatat faptul c\u0103 sigiliul vamal era rupt \u0219i<br \/>\nrelipit.<br \/>\n\u00cen acest context, colegii no\u0219tri au procedat la efectuarea unor verific\u0103ri<br \/>\nam\u0103nun\u021bite asupra autocamionului, ocazie cu care, au depistat \u00een compartimentul<br \/>\npentru marf\u0103, trei b\u0103rba\u021bi ascun\u0219i.<br \/>\n\u00cen cadrul cercet\u0103rilor s-a stabilit faptul c\u0103 ace\u0219tia sunt sirieni, doi dintre ei<br \/>\n\u00een v\u00e2rst\u0103 de 45 de ani, cel de-al treilea, av\u00e2nd 48 de ani.<br \/>\nAce\u015ftia au declarat poli\u021bi\u0219tilor faptul c\u0103 s-au urcat \u00een mijlocul de transport<br \/>\n\u00een timp ce se aflau pe teritoriul Turciei, f\u0103r\u0103 ca \u0219oferul s\u0103 aib\u0103 cuno\u0219tin\u021b\u0103 despre<br \/>\nacest aspect. Cei trei b\u0103rba\u021bi inten\u021bionau s\u0103 ajung\u0103 \u00een Germania.<br \/>\n\u00cen acest context, poli\u021bi\u0219tii de frontier\u0103 au procedat la \u00eentreruperea<br \/>\nc\u0103l\u0103toriei persoanelor depistate, iar conform protocolului rom\u00e2no-bulgar, cei trei<br \/>\nb\u0103rba\u021bi, \u0219oferul \u0219i mijlocul de transport au fost prelua\u021bi de c\u0103tre autorit\u0103\u0163ile<br \/>\nbulgare, \u00een vederea continu\u0103rii cercet\u0103rilor \u015fi dispunerii m\u0103surilor legale ce se<br \/>\nimpun.<\/p>\n","protected":false},"excerpt":{"rendered":"<p>Poli\u0163i\u015ftii de frontier\u0103 giurgiuveni au depistat trei cet\u0103\u021beni str\u0103ini, care au \u00eencercat s\u0103 treac\u0103 fraudulos frontiera de stat, pentru a ajunge \u00een Germania. Ace\u0219tia se aflau ascun\u0219i \u00een compartimentul marf\u0103 al unui ansamblu rutier, printre colete cu faian\u021b\u0103. \u00cen seara de 06.10.2021, \u00een jurul orei 23.00, la Punctul de Trecere a Frontierei Giurgiu, s-a prezentat [&hellip;]<\/p>\n","protected":false},"author":1,"featured_media":4571,"comment_status":"open","ping_status":"open","sticky":false,"template":"","format":"standard","meta":{"footnotes":""},"categories":[2],"tags":[],"class_list":["post-4570","post","type-post","status-publish","format-standard","has-post-thumbnail","hentry","category-actualitate"],"_links":{"self":[{"href":"https:\/\/tvgiurgiu.ro\/index.php\/wp-json\/wp\/v2\/posts\/4570","targetHints":{"allow":["GET"]}}],"collection":[{"href":"https:\/\/tvgiurgiu.ro\/index.php\/wp-json\/wp\/v2\/posts"}],"about":[{"href":"https:\/\/tvgiurgiu.ro\/index.php\/wp-json\/wp\/v2\/types\/post"}],"author":[{"embeddable":true,"href":"https:\/\/tvgiurgiu.ro\/index.php\/wp-json\/wp\/v2\/users\/1"}],"replies":[{"embeddable":true,"href":"https:\/\/tvgiurgiu.ro\/index.php\/wp-json\/wp\/v2\/comments?post=4570"}],"version-history":[{"count":0,"href":"https:\/\/tvgiurgiu.ro\/index.php\/wp-json\/wp\/v2\/posts\/4570\/revisions"}],"wp:featuredmedia":[{"embeddable":true,"href":"https:\/\/tvgiurgiu.ro\/index.php\/wp-json\/wp\/v2\/media\/4571"}],"wp:attachment":[{"href":"https:\/\/tvgiurgiu.ro\/index.php\/wp-json\/wp\/v2\/media?parent=4570"}],"wp:term":[{"taxonomy":"category","embeddable":true,"href":"https:\/\/tvgiurgiu.ro\/index.php\/wp-json\/wp\/v2\/categories?post=4570"},{"taxonomy":"post_tag","embeddable":true,"href":"https:\/\/tvgiurgiu.ro\/index.php\/wp-json\/wp\/v2\/tags?post=4570"}],"curies":[{"name":"wp","href":"https:\/\/api.w.org\/{rel}","templated":true}]}}